{"id":63647,"date":"2023-12-27T14:30:00","date_gmt":"2023-12-27T20:30:00","guid":{"rendered":"http:\/\/www.zonaroja.com.mx\/?p=63647"},"modified":"2023-12-27T07:57:53","modified_gmt":"2023-12-27T13:57:53","slug":"paraciclista-oaxaquena-gilda-ya-tiene-la-mirada-en-juegos-paralimpicos-de-paris-2024","status":"publish","type":"post","link":"https:\/\/zonaroja.com.mx\/?p=63647","title":{"rendered":"Paraciclista oaxaque\u00f1a Gilda ya tiene la mirada en juegos paral\u00edmpicos de Par\u00eds 2024"},"content":{"rendered":"\n<p>Yuridiana Sosa\/Zona Roja.<\/p>\n\n\n\n<p>Oaxaca de Ju\u00e1rez, Oax., a 27 de diciembre de 2023.- Las metas para la paraciclista oaxaque\u00f1a, Gilda Andrea Hern\u00e1ndez Ram\u00edrez, no tienen l\u00edmites y desde ahora concentra sus fuerzas para llegar a los juegos paral\u00edmpicos de Par\u00eds 2024, a celebrarse en agosto.<\/p>\n\n\n\n<p>La seleccionada nacional y competidora internacional fue reconocida recientemente por la 65 Legislatura del Congreso de Oaxaca por su importante trayectoria iniciada hace cinco a\u00f1os, y por su poner en alto el nombre de la entidad y de M\u00e9xico en los Juegos Parapanamericanos 2023 celebrados en Santiago, Chile.<\/p>\n\n\n\n<p>La joven de 23 a\u00f1os de edad obtuvo el quinto lugar en paraciclismo en las categor\u00edas unidas C1 a C3 femenil en prueba de ruta de 10.4 kil\u00f3metros, y el octavo lugar en las categor\u00edas unidas C1 a C5 en prueba contra reloj de 10.4 kil\u00f3metros.<\/p>\n\n\n\n<p>El logro m\u00e1s reciente, dice, la motiva a seguir luchando para obtener un lugar en los juegos paral\u00edmpicos de Par\u00eds 2024.<\/p>\n\n\n\n<p>Con orgullo la joven reconoce sus esfuerzos, mismos que han sido respaldados principalmente por sus padres.<\/p>\n\n\n\n<p>Luego de ser amputada una de sus piernas al vencer un c\u00e1ncer detectado a los 10 a\u00f1os de edad, Gilda encontr\u00f3 en el deporte y en especial en el ciclismo un motivo especial para vivir.<\/p>\n\n\n\n<p>Desde hace cinco a\u00f1os es seleccionada nacional y desde hace cuatro a\u00f1os compite a nivel internacional representando a Oaxaca y a M\u00e9xico, logrando colocarse en primeros 10 lugares a nivel mundial.<\/p>\n\n\n\n<p>VENCIENDO MIEDOS<\/p>\n\n\n\n<p>\u201cCreo que sin mi discapacidad habr\u00eda conocido tambi\u00e9n el deporte paral\u00edmpico; es importante reconocer a todos nuestros atletas paral\u00edmpicos que a pesar de las adversidades, sabemos afrontarlas y sabemos c\u00f3mo salir adelante para salir triunfantes triunfantes\u201d, expresa la joven.<\/p>\n\n\n\n<p>En entrevista con ZONA ROJA, Gilda Andrea dice que logr\u00f3 superarse debido a que primero aprendi\u00f3 a \u201cabrazar su discapacidad\u201d.<\/p>\n\n\n\n<p>Despu\u00e9s, como buena mexicana, dice, es aferrada, \u201cporque un mexicano se representa por ser aguerrido y frente a cualquier circunstancia hace lo imposible para salir adelante\u201d.<\/p>\n\n\n\n<p>La deportista aconsej\u00f3 a cualquier persona que viva con alguna discapacidad a no dejarse vencer. \u201cVolteen a mirarnos, a ver todo lo que los deportistas hemos atravesado y animarse a que no todo es malo, no todo el dolor es permanente, s\u00f3lo es temporal y despu\u00e9s de ese dolor viene lo mejor\u201d.<\/p>\n\n\n\n<p>Gilda es positiva frente a la vida y por ello agreg\u00f3: \u201cTodo es mental y saber c\u00f3mo quieres afrontar las cosas, si quieres quedarte en la cama lament\u00e1ndote siempre o salir de ah\u00ed con una mente positiva\u201d.<\/p>\n\n\n\n<p>La seleccionada agradeci\u00f3 a los patrocinadores que durante su carrera la han apoyado, principalmente en momentos dif\u00edciles cuando los gobiernos no lo han hecho.<\/p>\n\n\n\n<p>EXITOSA CARRERA<\/p>\n\n\n\n<p>Tan solo en 2023, compiti\u00f3 en el UCI Para-Cycling Road World Cup, Huntsville \u2013 Alabama, Estados Unidos, donde obtuvo el quinto y octavo lugar en las categor\u00edas de ruta y contra reloj.<\/p>\n\n\n\n<p>Asimismo, el octavo y d\u00e9cimo lugar en el UCI World Championships, Dumfries and Gallowey Glasgow, Escocia, Reino Unido.<\/p>\n\n\n\n<p>En atletismo, obtuvo el primer lugar en categor\u00eda femenil en el medio marat\u00f3n, Huatulco Oaxaca 2017, as\u00ed como en la edici\u00f3n 36 de la carrera atl\u00e9tica IMSS-Monte Alb\u00e1n; y en la XV Paralimpiada Nacional, celebrada en Colima el 30 de agosto de 2018.<\/p>\n\n\n\n<p>Tambi\u00e9n el primer lugar del Serial de Paraciclismo 2019 y el s\u00e9ptimo sitio en el Campeonato Mundial 2019.<\/p>\n","protected":false},"excerpt":{"rendered":"<p>Yuridiana Sosa\/Zona Roja. Oaxaca de Ju\u00e1rez, Oax., a 27 de diciembre de 2023.- Las metas&hellip;<\/p>\n","protected":false},"author":2,"featured_media":63648,"comment_status":"closed","ping_status":"open","sticky":false,"template":"","format":"standard","meta":{"_lmt_disableupdate":"","_lmt_disable":"","_jetpack_memberships_contains_paid_content":false,"footnotes":""},"categories":[109,46],"tags":[2697],"class_list":["post-63647","post","type-post","status-publish","format-standard","has-post-thumbnail","hentry","category-minuto-a-minuto","category-zona-blanca","tag-gilda-andrea-hernandez-ramirez"],"jetpack_featured_media_url":"https:\/\/zonaroja.com.mx\/wp-content\/uploads\/2023\/12\/Gilda-Andrea-Hernandez-Ramirez.jpg","jetpack_sharing_enabled":true,"_links":{"self":[{"href":"https:\/\/zonaroja.com.mx\/index.php?rest_route=\/wp\/v2\/posts\/63647","targetHints":{"allow":["GET"]}}],"collection":[{"href":"https:\/\/zonaroja.com.mx\/index.php?rest_route=\/wp\/v2\/posts"}],"about":[{"href":"https:\/\/zonaroja.com.mx\/index.php?rest_route=\/wp\/v2\/types\/post"}],"author":[{"embeddable":true,"href":"https:\/\/zonaroja.com.mx\/index.php?rest_route=\/wp\/v2\/users\/2"}],"replies":[{"embeddable":true,"href":"https:\/\/zonaroja.com.mx\/index.php?rest_route=%2Fwp%2Fv2%2Fcomments&post=63647"}],"version-history":[{"count":1,"href":"https:\/\/zonaroja.com.mx\/index.php?rest_route=\/wp\/v2\/posts\/63647\/revisions"}],"predecessor-version":[{"id":63649,"href":"https:\/\/zonaroja.com.mx\/index.php?rest_route=\/wp\/v2\/posts\/63647\/revisions\/63649"}],"wp:featuredmedia":[{"embeddable":true,"href":"https:\/\/zonaroja.com.mx\/index.php?rest_route=\/wp\/v2\/media\/63648"}],"wp:attachment":[{"href":"https:\/\/zonaroja.com.mx\/index.php?rest_route=%2Fwp%2Fv2%2Fmedia&parent=63647"}],"wp:term":[{"taxonomy":"category","embeddable":true,"href":"https:\/\/zonaroja.com.mx\/index.php?rest_route=%2Fwp%2Fv2%2Fcategories&post=63647"},{"taxonomy":"post_tag","embeddable":true,"href":"https:\/\/zonaroja.com.mx\/index.php?rest_route=%2Fwp%2Fv2%2Ftags&post=63647"}],"curies":[{"name":"wp","href":"https:\/\/api.w.org\/{rel}","templated":true}]}}