{"id":63650,"date":"2023-12-27T14:57:00","date_gmt":"2023-12-27T20:57:00","guid":{"rendered":"http:\/\/www.zonaroja.com.mx\/?p=63650"},"modified":"2023-12-27T08:07:33","modified_gmt":"2023-12-27T14:07:33","slug":"positivo-balance-de-la-oms-del-ano-2023-sobre-el-covid-19","status":"publish","type":"post","link":"https:\/\/zonaroja.com.mx\/?p=63650","title":{"rendered":"Positivo, balance de la OMS del a\u00f1o 2023 sobre el Covid-19"},"content":{"rendered":"\n<p>Redacci\u00f3n\/Zona Roja Cdmx.<\/p>\n\n\n\n<p>Ciudad de M\u00e9xico, a 27 de diciembre de 2023.- El director general de la Organizaci\u00f3n Mundial de la Salud (OMS), Tedros Adhanom Ghebreyesus, hizo este martes un balance relativamente positivo de un \u201chist\u00f3rico\u201d 2023, a\u00f1o en el que el organismo declar\u00f3 en mayo el final de la emergencia internacional por la pandemia de Covid-19.<\/p>\n\n\n\n<p>\u201cEllo marc\u00f3 un giro de 180 grados en el mundo despu\u00e9s de tres a\u00f1os de crisis, dolor y p\u00e9rdidas en todo el mundo\u201d, record\u00f3 en un mensaje de fin de a\u00f1o en el que dijo \u201calegrarse de que la vida haya vuelto a la normalidad\u201d.<\/p>\n\n\n\n<p>Tedros subray\u00f3 que en 2023 la OMS tambi\u00e9n puso punto final a la emergencia sanitaria por mpox (nombre con el que rebautiz\u00f3 la viruela del mono), aunque como en el caso de Covid-19 eso no significa que no siga habiendo contagios en diversos pa\u00edses.<\/p>\n\n\n\n<p>El m\u00e1ximo dirigente de la OMS destac\u00f3 asimismo de este a\u00f1o la aprobaci\u00f3n de nuevas vacunas contra la malaria, el dengue y la meningitis, enfermedades que amenazan a millones de personas vulnerables en todo el mundo, mientras \u201cel camino hacia la erradicaci\u00f3n de la polio est\u00e1 ya en sus \u00faltimos tramos\u201d.<\/p>\n\n\n\n<p>En cuanto a la parte negativa del a\u00f1o actual, Tedros record\u00f3 especialmente la guerra entre Israel y Ham\u00e1s, en la que hospitales y trabajadores sanitarios han recibido m\u00faltiples ataques, y de hecho muchos centros de salud han sido aut\u00e9nticos campos de batalla.<\/p>\n\n\n\n<p>El m\u00e1ximo responsable de la OMS subray\u00f3 que s\u00f3lo una cuarta parte de los hospitales de Gaza siguen en funcionamiento (9 de 36), y reiter\u00f3 su llamamiento a un cese el fuego.<\/p>\n\n\n\n<p>Tedros tambi\u00e9n record\u00f3 en su mensaje el resurgimiento que est\u00e1 experimentando en el mundo el c\u00f3lera, con una cifra r\u00e9cord de brotes en todo el planeta, aproximadamente unos 40.<\/p>\n\n\n\n<p>Para 2024, Tedros espera culminar las actuales negociaciones para un tratado de preparaci\u00f3n contra futuras pandemias, con el fin de evitar errores como los cometidos durante el Covid-19.<\/p>\n\n\n\n<p>El pr\u00f3ximo a\u00f1o nos ofrece una oportunidad \u00fanica para atender esos problemas\u201d, subray\u00f3 el responsable de la OMS, organizaci\u00f3n que este a\u00f1o celebr\u00f3 su 75 aniversario.<\/p>\n\n\n\n<p>(Informaci\u00f3n de L\u00f3pez-D\u00f3riga Digital)<\/p>\n","protected":false},"excerpt":{"rendered":"<p>Redacci\u00f3n\/Zona Roja Cdmx. Ciudad de M\u00e9xico, a 27 de diciembre de 2023.- El director general&hellip;<\/p>\n","protected":false},"author":2,"featured_media":11625,"comment_status":"closed","ping_status":"open","sticky":false,"template":"","format":"standard","meta":{"_lmt_disableupdate":"","_lmt_disable":"","_jetpack_memberships_contains_paid_content":false,"footnotes":""},"categories":[109,47],"tags":[3669],"class_list":["post-63650","post","type-post","status-publish","format-standard","has-post-thumbnail","hentry","category-minuto-a-minuto","category-zona-gris","tag-covid-19"],"jetpack_featured_media_url":"https:\/\/zonaroja.com.mx\/wp-content\/uploads\/2020\/04\/Cubrebocas2.jpg","jetpack_sharing_enabled":true,"_links":{"self":[{"href":"https:\/\/zonaroja.com.mx\/index.php?rest_route=\/wp\/v2\/posts\/63650","targetHints":{"allow":["GET"]}}],"collection":[{"href":"https:\/\/zonaroja.com.mx\/index.php?rest_route=\/wp\/v2\/posts"}],"about":[{"href":"https:\/\/zonaroja.com.mx\/index.php?rest_route=\/wp\/v2\/types\/post"}],"author":[{"embeddable":true,"href":"https:\/\/zonaroja.com.mx\/index.php?rest_route=\/wp\/v2\/users\/2"}],"replies":[{"embeddable":true,"href":"https:\/\/zonaroja.com.mx\/index.php?rest_route=%2Fwp%2Fv2%2Fcomments&post=63650"}],"version-history":[{"count":1,"href":"https:\/\/zonaroja.com.mx\/index.php?rest_route=\/wp\/v2\/posts\/63650\/revisions"}],"predecessor-version":[{"id":63651,"href":"https:\/\/zonaroja.com.mx\/index.php?rest_route=\/wp\/v2\/posts\/63650\/revisions\/63651"}],"wp:featuredmedia":[{"embeddable":true,"href":"https:\/\/zonaroja.com.mx\/index.php?rest_route=\/wp\/v2\/media\/11625"}],"wp:attachment":[{"href":"https:\/\/zonaroja.com.mx\/index.php?rest_route=%2Fwp%2Fv2%2Fmedia&parent=63650"}],"wp:term":[{"taxonomy":"category","embeddable":true,"href":"https:\/\/zonaroja.com.mx\/index.php?rest_route=%2Fwp%2Fv2%2Fcategories&post=63650"},{"taxonomy":"post_tag","embeddable":true,"href":"https:\/\/zonaroja.com.mx\/index.php?rest_route=%2Fwp%2Fv2%2Ftags&post=63650"}],"curies":[{"name":"wp","href":"https:\/\/api.w.org\/{rel}","templated":true}]}}