{"id":63654,"date":"2023-12-27T19:06:18","date_gmt":"2023-12-28T01:06:18","guid":{"rendered":"http:\/\/www.zonaroja.com.mx\/?p=63654"},"modified":"2023-12-27T19:06:20","modified_gmt":"2023-12-28T01:06:20","slug":"indagan-probable-ejecucion-de-tres-personas-en-mixtepec-oaxaca","status":"publish","type":"post","link":"https:\/\/zonaroja.com.mx\/?p=63654","title":{"rendered":"Indagan probable ejecuci\u00f3n de tres personas en Mixtepec, Oaxaca"},"content":{"rendered":"\n<p>Raymundo Morales\/Zona Roja.<\/p>\n\n\n\n<p>Oaxaca de Ju\u00e1rez, Oax., a 27 de diciembre de 2023.- Los cuerpos de tres personas del sexo masculino, con huellas de tortura y presuntamente ejecutadas a balazos, fueron localizados la ma\u00f1ana de hoy, en San Gabriel Mixtepec, municipio de la regi\u00f3n Costa de Oaxaca.<\/p>\n\n\n\n<p>De acuerdo con reportes policiacos preliminares, tras una llamada, corporaciones policiacas arribaron alrededor de las 06:40 horas a unos 100 metros de la carretera federal 131 Oaxaca-Puerto Escondido, a la altura de la rancher\u00eda La Cruz de dicho municipio.<\/p>\n\n\n\n<p>Ah\u00ed localizaron los cuerpos sin vida de tres individuos, hasta ahora no identificados, maniatados y torturados, as\u00ed como una camioneta abandonada, modelo Ventura, color verde, con placas de circulaci\u00f3n MYE-2963.<\/p>\n\n\n\n<p>Los tres presentan disparos de arma de fuego en la parte posterior del cr\u00e1neo, por lo que se presume que fueron ejecutados.<\/p>\n\n\n\n<p>Tras ello se dio aviso a personal de la Fiscal\u00eda General del Estado, que inici\u00f3 las indagatorias correspondientes; presuntamente habr\u00edan sido asesinados desde la noche anterior.<\/p>\n","protected":false},"excerpt":{"rendered":"<p>Raymundo Morales\/Zona Roja. Oaxaca de Ju\u00e1rez, Oax., a 27 de diciembre de 2023.- Los cuerpos&hellip;<\/p>\n","protected":false},"author":2,"featured_media":63655,"comment_status":"closed","ping_status":"open","sticky":false,"template":"","format":"standard","meta":{"_lmt_disableupdate":"","_lmt_disable":"","_jetpack_memberships_contains_paid_content":false,"footnotes":""},"categories":[109,51],"tags":[1270],"class_list":["post-63654","post","type-post","status-publish","format-standard","has-post-thumbnail","hentry","category-minuto-a-minuto","category-zona-roja","tag-san-gabriel-mixtepec"],"jetpack_featured_media_url":"https:\/\/zonaroja.com.mx\/wp-content\/uploads\/2023\/12\/Ejecutados-San-Gabriel-Mixtepec.jpg","jetpack_sharing_enabled":true,"_links":{"self":[{"href":"https:\/\/zonaroja.com.mx\/index.php?rest_route=\/wp\/v2\/posts\/63654","targetHints":{"allow":["GET"]}}],"collection":[{"href":"https:\/\/zonaroja.com.mx\/index.php?rest_route=\/wp\/v2\/posts"}],"about":[{"href":"https:\/\/zonaroja.com.mx\/index.php?rest_route=\/wp\/v2\/types\/post"}],"author":[{"embeddable":true,"href":"https:\/\/zonaroja.com.mx\/index.php?rest_route=\/wp\/v2\/users\/2"}],"replies":[{"embeddable":true,"href":"https:\/\/zonaroja.com.mx\/index.php?rest_route=%2Fwp%2Fv2%2Fcomments&post=63654"}],"version-history":[{"count":1,"href":"https:\/\/zonaroja.com.mx\/index.php?rest_route=\/wp\/v2\/posts\/63654\/revisions"}],"predecessor-version":[{"id":63656,"href":"https:\/\/zonaroja.com.mx\/index.php?rest_route=\/wp\/v2\/posts\/63654\/revisions\/63656"}],"wp:featuredmedia":[{"embeddable":true,"href":"https:\/\/zonaroja.com.mx\/index.php?rest_route=\/wp\/v2\/media\/63655"}],"wp:attachment":[{"href":"https:\/\/zonaroja.com.mx\/index.php?rest_route=%2Fwp%2Fv2%2Fmedia&parent=63654"}],"wp:term":[{"taxonomy":"category","embeddable":true,"href":"https:\/\/zonaroja.com.mx\/index.php?rest_route=%2Fwp%2Fv2%2Fcategories&post=63654"},{"taxonomy":"post_tag","embeddable":true,"href":"https:\/\/zonaroja.com.mx\/index.php?rest_route=%2Fwp%2Fv2%2Ftags&post=63654"}],"curies":[{"name":"wp","href":"https:\/\/api.w.org\/{rel}","templated":true}]}}