{"id":63657,"date":"2023-12-27T20:09:58","date_gmt":"2023-12-28T02:09:58","guid":{"rendered":"http:\/\/www.zonaroja.com.mx\/?p=63657"},"modified":"2023-12-27T20:10:00","modified_gmt":"2023-12-28T02:10:00","slug":"anuncia-jara-cruz-proyectos-estrategicos-para-2024-entre-ellos-autopista-a-cuenca","status":"publish","type":"post","link":"https:\/\/zonaroja.com.mx\/?p=63657","title":{"rendered":"Anuncia Jara Cruz proyectos estrat\u00e9gicos para 2024, entre ellos autopista a Cuenca"},"content":{"rendered":"\n<p>Yuridiana Sosa\/Zona Roja.<\/p>\n\n\n\n<p>Oaxaca de Ju\u00e1rez, Oax., a 27 de diciembre de 2023.- El gobernador Salom\u00f3n Jara Cruz anunci\u00f3 hoy seis de los proyectos estrat\u00e9gicos que su administraci\u00f3n ejecutar\u00e1 durante el ejercicio fiscal 2024.<\/p>\n\n\n\n<p>En conferencia de prensa, el mandatario se\u00f1al\u00f3 que algunos de ellos ser\u00e1n concluidos, mientras que otros est\u00e1n enfocados a la realizaci\u00f3n de los proyectos ejecutivos de las obras.<\/p>\n\n\n\n<p>PASO ANCHO<\/p>\n\n\n\n<p>En lo que consider\u00f3 obras estrat\u00e9gicas, mencion\u00f3 la construcci\u00f3n de la presa \u201cPaso Ancho\u201d en la Sierra Sur, para llevar agua para la zona metropolitana, mismo que consider\u00f3 un proyecto a mediano y largo plazo.<\/p>\n\n\n\n<p>Este proyecto comenz\u00f3 en el a\u00f1o 2011 en la administraci\u00f3n de Gabino Cu\u00e9 Monteagudo y del cual Jara Cruz expres\u00f3 en enero de 2023 \u2013a pocas semanas del inicio de su gobierno- que no lo hab\u00edan descartado\u201d, sin embargo, lo analizar\u00edan por que los costos se multiplicaron y pas\u00f3 de costar tres mil 500 millones a m\u00e1s de 10 mil millones llevar agua hasta la ciudad de Oaxaca.<\/p>\n\n\n\n<p>No obstante, el gobierno de Alejandro Murat inform\u00f3 que la obra, parada desde el 2014 y considerada como uno de los &nbsp;proyectos \u201cPlatinum\u201d de Cu\u00e9 Monteagudo, era investigada por la Secretar\u00eda de la Contralor\u00eda y Transparencia Gubernamental de la entidad por probables irregularidades.<\/p>\n\n\n\n<p>En 2018 la Comisi\u00f3n Estatal del Agua (CEA) inform\u00f3 que depender\u00eda de los resultados de la investigaci\u00f3n si continuaba o no la obra.<\/p>\n\n\n\n<p>Jara Cruz agreg\u00f3 como parte de otros proyectos que van a trabajar en presas, represas y retenes de agua en la regi\u00f3n Mixteca, en la regi\u00f3n Sierra de&nbsp; Flores Mag\u00f3n \u2013antes Ca\u00f1ada- y en los Valles Centrales, pues son obras&nbsp; importantes para la obtenci\u00f3n de agua para la producci\u00f3n y para el consumo humano.<\/p>\n\n\n\n<p>SANEAMIENTO A R\u00cdOS<\/p>\n\n\n\n<p>Otro de los proyectos que inform\u00f3 el gobernador de Oaxaca est\u00e1 enfocado al saneamiento del agua de los residuos s\u00f3lidos de los r\u00edos como los Valle Centrales que es el \u201cAtoyac\u201d, &nbsp;\u201cSalado\u201d y \u201cJalatlaco\u201d; as\u00ed como los de la regi\u00f3n Costa.<\/p>\n\n\n\n<p>La limpieza de esos afluentes en los Valles Centrales fue ordenada por el Tribunal Colegiado de Circuito, tras amparos interpuestos por ciudadanos.<\/p>\n\n\n\n<p>Incluso en septiembre de 2022 la 65 Legislatura del Congreso de Oaxaca aprob\u00f3 un exhorto al entonces gobernador Alejandro Murat Hinojosa &nbsp;para que cumpliera la sentencia del Tribunal Colegiado de Circuito.<\/p>\n\n\n\n<p>Dicha autoridad orden\u00f3 a los tres poderes del estado el rescate de los r\u00edos \u201cAtoyac\u201d y \u201cSalado\u201d y se notific\u00f3 a las dependencias y a los ayuntamientos para que en un plazo de 90 d\u00edas h\u00e1biles presentaran el proyecto para el rescate de los afluentes.<\/p>\n\n\n\n<p>Desde marzo del 2018 existe un amparo para que en 90 d\u00edas las autoridades federales estatales y municipales cumplan con la sentencia que los obliga a rescatar los r\u00edos, sin embargo, la Comisi\u00f3n Nacional del Agua, la Consejer\u00eda Jur\u00eddica del Gobierno del Estado y los presidentes municipales de Oaxaca de Ju\u00e1rez y Santa Cruz Xoxocotl\u00e1n interpusieron un recurso de revisi\u00f3n que fue turnado al Tribunal Colegiado de Circuito del Centro Auxiliar de la S\u00e9ptima Regi\u00f3n.<\/p>\n\n\n\n<p>PARQUES Y CORREDOR<\/p>\n\n\n\n<p>Jara Cruz mencion\u00f3 que otra de sus obras prioritarias para la zona metropolitana y al interior del estado son los parques denominados \u201cPrimavera\u201d.<\/p>\n\n\n\n<p>En ese sentido mencion\u00f3 el inicio formal de las obras en el parque primavera en donde se ubic\u00f3 la ex f\u00e1brica de triplay \u201cNovopan\u201d, en la capital oaxaque\u00f1a, recuperada en agosto de este a\u00f1o.<\/p>\n\n\n\n<p>Dicha obra, prometi\u00f3, se terminar\u00e1 en el 2024. \u201cNada de dejarlo para la otra administraci\u00f3n\u201d, mencion\u00f3.<\/p>\n\n\n\n<p>Salom\u00f3n Jara inform\u00f3 en ese entonces la ejecuci\u00f3n de la Ley de Expropiaci\u00f3n por causa de utilidad p\u00fablica para la construcci\u00f3n de un proyecto cultural y deportivo que tendr\u00e1 una inversi\u00f3n de m\u00e1s de 260 millones de pesos.<\/p>\n\n\n\n<p>El inmueble abarca una superficie de 11.85 hect\u00e1reas, en las que se construir\u00e1 un parque con beneficio directo para al menos 447 mil habitantes de las agencias cercanas del municipio de Oaxaca de Ju\u00e1rez y Santa Cruz Xoxocotl\u00e1n.&nbsp;<\/p>\n\n\n\n<p>El proyecto es por parte de Secretar\u00eda de Desarrollo Agrario, Territorial y Urbano (Sedatu), que en primer momento intervendr\u00eda en la creaci\u00f3n del Archivo General Agrario de M\u00e9xico, el cual no se ejecut\u00f3 debido a la falta de certeza jur\u00eddica en el gobierno de Alejandro Murat, detall\u00f3 en ese entonces Jara Cruz.<\/p>\n\n\n\n<p>Adem\u00e1s, mencion\u00f3 la creaci\u00f3n de un corredor cultural, tur\u00edstico y econ\u00f3mico que parte de Soledad, Ocotl\u00e1n y se conecta con Mitla.<\/p>\n\n\n\n<p>AUTOPISTA A CUENCA<\/p>\n\n\n\n<p>El gobernador Salom\u00f3n Jara se\u00f1al\u00f3 como el proyecto m\u00e1s importante la construcci\u00f3n de la autopista Oaxaca-Tuxtepec.<\/p>\n\n\n\n<p>Apunt\u00f3 que la obra va a iniciar con el derecho de v\u00eda y la liberaci\u00f3n, as\u00ed como con el proyecto ejecutivo, para que en el 2025 se arranque la pr\u00f3xima etapa.<\/p>\n\n\n\n<p>\u201cEntrando el 2025, en los primeros d\u00edas ya con la nueva administraci\u00f3n federal, pues estamos seguros que va a continuar el proyecto de transformaci\u00f3n, &nbsp;vamos a trabajar muy fuertemente este proyecto\u201d, precis\u00f3 el mandatario.<\/p>\n\n\n\n<p>En enero de 2023 Jara Cruz anunci\u00f3 que solicitar\u00eda a la Secretar\u00eda de Infraestructura, Comunicaciones y Transportes (SICT) un estudio para la realizaci\u00f3n de lo que primero llam\u00f3 una ampliaci\u00f3n de la carretera Oaxaca-Tuxtepec.<\/p>\n\n\n\n<p>Pero desde marzo de 2020, en una gira de trabajo por la entidad&nbsp; el presidente Andr\u00e9s Manuel L\u00f3pez Obrador destac\u00f3 que la ampliaci\u00f3n a esta v\u00eda que conecta a la regi\u00f3n de la Cuenca con la Sierra Ju\u00e1rez y Valles Centrales&nbsp;podr\u00eda ser una realidad una vez superadas las crisis de la pandemia y econ\u00f3micas.<\/p>\n\n\n\n<p>En 2018 diversos ediles de la regi\u00f3n de la Cuenca firmaron una carta de petici\u00f3n a L\u00f3pez Obrador para que la construcci\u00f3n de la&nbsp;carretera Tuxtepec-Oaxaca sea una realidad.<\/p>\n\n\n\n<p>Este proyecto, el cual se ha analizado realizar por las riberas del&nbsp;r\u00edo \u201cCajonos\u201d, que abarca parte de Tuxtepec, el municipio de Ayotzintepec en la Cuenca y colindante con la Sierra Norte, despert\u00f3 la inconformidad de comunidades defensoras de la tierra, como algunas que integran la Uni\u00f3n de Organizaciones de la Sierra Ju\u00e1rez de Oaxaca (Unosjo).&nbsp;<\/p>\n\n\n\n<p>Esta obra ha sido desde hace varios sexenios una promesa no cumplida para los habitantes de la regi\u00f3n de la Cuenca.&nbsp;<\/p>\n","protected":false},"excerpt":{"rendered":"<p>Yuridiana Sosa\/Zona Roja. Oaxaca de Ju\u00e1rez, Oax., a 27 de diciembre de 2023.- El gobernador&hellip;<\/p>\n","protected":false},"author":2,"featured_media":63658,"comment_status":"closed","ping_status":"open","sticky":false,"template":"","format":"standard","meta":{"_lmt_disableupdate":"","_lmt_disable":"","_jetpack_memberships_contains_paid_content":false,"footnotes":""},"categories":[109,46],"tags":[939],"class_list":["post-63657","post","type-post","status-publish","format-standard","has-post-thumbnail","hentry","category-minuto-a-minuto","category-zona-blanca","tag-salomon-jara-cruz"],"jetpack_featured_media_url":"https:\/\/zonaroja.com.mx\/wp-content\/uploads\/2023\/12\/Conferencia-de-prensa-gobernador-Salomon-Jara.jpg","jetpack_sharing_enabled":true,"_links":{"self":[{"href":"https:\/\/zonaroja.com.mx\/index.php?rest_route=\/wp\/v2\/posts\/63657","targetHints":{"allow":["GET"]}}],"collection":[{"href":"https:\/\/zonaroja.com.mx\/index.php?rest_route=\/wp\/v2\/posts"}],"about":[{"href":"https:\/\/zonaroja.com.mx\/index.php?rest_route=\/wp\/v2\/types\/post"}],"author":[{"embeddable":true,"href":"https:\/\/zonaroja.com.mx\/index.php?rest_route=\/wp\/v2\/users\/2"}],"replies":[{"embeddable":true,"href":"https:\/\/zonaroja.com.mx\/index.php?rest_route=%2Fwp%2Fv2%2Fcomments&post=63657"}],"version-history":[{"count":1,"href":"https:\/\/zonaroja.com.mx\/index.php?rest_route=\/wp\/v2\/posts\/63657\/revisions"}],"predecessor-version":[{"id":63659,"href":"https:\/\/zonaroja.com.mx\/index.php?rest_route=\/wp\/v2\/posts\/63657\/revisions\/63659"}],"wp:featuredmedia":[{"embeddable":true,"href":"https:\/\/zonaroja.com.mx\/index.php?rest_route=\/wp\/v2\/media\/63658"}],"wp:attachment":[{"href":"https:\/\/zonaroja.com.mx\/index.php?rest_route=%2Fwp%2Fv2%2Fmedia&parent=63657"}],"wp:term":[{"taxonomy":"category","embeddable":true,"href":"https:\/\/zonaroja.com.mx\/index.php?rest_route=%2Fwp%2Fv2%2Fcategories&post=63657"},{"taxonomy":"post_tag","embeddable":true,"href":"https:\/\/zonaroja.com.mx\/index.php?rest_route=%2Fwp%2Fv2%2Ftags&post=63657"}],"curies":[{"name":"wp","href":"https:\/\/api.w.org\/{rel}","templated":true}]}}