{"id":63660,"date":"2023-12-27T20:59:42","date_gmt":"2023-12-28T02:59:42","guid":{"rendered":"http:\/\/www.zonaroja.com.mx\/?p=63660"},"modified":"2023-12-27T20:59:44","modified_gmt":"2023-12-28T02:59:44","slug":"en-caja-de-ahorro-de-policia-estatal-se-ha-perdido-1-millon","status":"publish","type":"post","link":"https:\/\/zonaroja.com.mx\/?p=63660","title":{"rendered":"En caja de ahorro de Polic\u00eda Estatal, se ha \u201cperdido\u201d $1 mill\u00f3n"},"content":{"rendered":"\n<p>Ismael Garc\u00eda M.\/Zona Roja.<\/p>\n\n\n\n<p>Oaxaca de Ju\u00e1rez, Oax., a 27 de diciembre de 2023.- Alrededor de un mill\u00f3n de pesos han desaparecido de manera irregular del fondo de ahorro del personal de la Polic\u00eda Estatal de Oaxaca, tras un presunto asalto y un hackeo a su cuenta bancaria.<\/p>\n\n\n\n<p>Ayer cerca de las 14:00 horas, al menos dos sujetos armados dispararon contra el polic\u00eda Federico Pedro P. R., en inmediaciones de Plaza del Valle, ciudad de Oaxaca, para presuntamente arrebatarle 600 mil pesos que hab\u00eda retirado de una sucursal bancaria de la zona.<\/p>\n\n\n\n<p>Mientras que en julio pasado, en un presunto hackeo a la cuenta bancaria en Citibanamex, personas desconocidas sustrajeron primero 100 mil pesos y luego 400 mil pesos; la instituci\u00f3n bancaria s\u00f3lo pudo recuperar 100 mil pesos.<\/p>\n\n\n\n<p>De todo ello, hasta el momento no ha habido una explicaci\u00f3n a los uniformados, constituidos en una asociaci\u00f3n civil, ajena a la participaci\u00f3n oficial de la Secretar\u00eda de Seguridad y Protecci\u00f3n Ciudadana de Oaxaca.<\/p>\n\n\n\n<p>Estos detalles los dio el titular de esta dependencia, Iv\u00e1n Garc\u00eda \u00c1lvarez, la ma\u00f1ana de hoy durante una conferencia de prensa del gobernador Salom\u00f3n Jara, en que detall\u00f3 que la v\u00edctima del probable asalto no solicit\u00f3 el servicio de protecci\u00f3n pese al alto monto que retirar\u00eda del banco.<\/p>\n\n\n\n<p>\u201cNo hemos reunido con banqueros, con empresarios, y se les ha indicado, se les ha dado la opci\u00f3n de lo que es en cuesti\u00f3n de extracci\u00f3n de dinero de bancos, arriba de 50 mil pesos, nosotros tenemos la capacidad para darles el acompa\u00f1amiento y solicitarlo previamente, para darles seguridad.<\/p>\n\n\n\n<p>\u201cEn algunas ocasiones lo han solicitado y les hemos dado el acompa\u00f1amiento y esta es una de las tareas que tenemos\u201d, dijo.<\/p>\n\n\n\n<p>Respecto al hecho violento de ayer, detall\u00f3 que la caja de ahorro de la Polic\u00eda Estatal se administra a trav\u00e9s de una asociaci\u00f3n civil y de forma aut\u00f3noma, por lo tanto el Gobierno del Estado no puede hacer uso de esos recursos.<\/p>\n\n\n\n<p>\u201cRecae en un grupo de elementos de la corporaci\u00f3n que integran una asamblea; en su fundaci\u00f3n, en el a\u00f1o 2001, los polic\u00edas se conformaron como fundadores y socios, en la que ofrecen cr\u00e9ditos con bajas tasas de inter\u00e9s a solicitantes; la operatividad no depende de la Secretar\u00eda de Seguridad\u201d, dijo.<\/p>\n\n\n\n<p>El funcionario destac\u00f3 que la caja de ahorro funciona con una aportaci\u00f3n de 100 pesos quincenales por trabajador; el 2 de agosto de 2022, se aprob\u00f3 el descuento de una cuota de 200 pesos, mediante una minuta; los descuentos se realizan mediante la n\u00f3mina, previa autorizaci\u00f3n de los ahorradores.<\/p>\n\n\n\n<p>\u201cEl 18 de julio de 2023, se inform\u00f3 por medio de una asamblea de socios ahorradores que las cuentas del banco emisor, Citibanamex, hab\u00edan sufrido un ataque cibern\u00e9tico, un hackeo, donde sin autorizaci\u00f3n, retiraron las cantidades de 100 mil y 400 mil pesos, por lo que realizaron las denuncias correspondientes ante la Fiscal\u00eda General de la Rep\u00fablica y el banco emisor s\u00f3lo pudo rescatar la cantidad de 100 mil pesos\u201d, explic\u00f3 el secretario de Seguridad,<\/p>\n\n\n\n<p>Abund\u00f3 que el consejo de administraci\u00f3n de la caja de ahorros est\u00e1 conformado por Federico Pedro P\u00e9rez Reyes, como presidente; Catalina Laura Ida y Aracely Castro V\u00e1squez.<\/p>\n\n\n\n<p>Del presunto asalto de ayer, inform\u00f3 que tanto la secretar\u00eda como la Fiscal\u00eda General del Estado de Oaxaca contin\u00faan con las indagatorias.<\/p>\n","protected":false},"excerpt":{"rendered":"<p>Ismael Garc\u00eda M.\/Zona Roja. Oaxaca de Ju\u00e1rez, Oax., a 27 de diciembre de 2023.- Alrededor&hellip;<\/p>\n","protected":false},"author":2,"featured_media":63661,"comment_status":"closed","ping_status":"open","sticky":false,"template":"","format":"standard","meta":{"_lmt_disableupdate":"","_lmt_disable":"","_jetpack_memberships_contains_paid_content":false,"footnotes":""},"categories":[109,47],"tags":[820],"class_list":["post-63660","post","type-post","status-publish","format-standard","has-post-thumbnail","hentry","category-minuto-a-minuto","category-zona-gris","tag-secretaria-de-seguridad-y-proteccion-ciudadana"],"jetpack_featured_media_url":"https:\/\/zonaroja.com.mx\/wp-content\/uploads\/2023\/12\/Asalto-a-policia-plaza-del-valle-Oaxaca.jpeg","jetpack_sharing_enabled":true,"_links":{"self":[{"href":"https:\/\/zonaroja.com.mx\/index.php?rest_route=\/wp\/v2\/posts\/63660","targetHints":{"allow":["GET"]}}],"collection":[{"href":"https:\/\/zonaroja.com.mx\/index.php?rest_route=\/wp\/v2\/posts"}],"about":[{"href":"https:\/\/zonaroja.com.mx\/index.php?rest_route=\/wp\/v2\/types\/post"}],"author":[{"embeddable":true,"href":"https:\/\/zonaroja.com.mx\/index.php?rest_route=\/wp\/v2\/users\/2"}],"replies":[{"embeddable":true,"href":"https:\/\/zonaroja.com.mx\/index.php?rest_route=%2Fwp%2Fv2%2Fcomments&post=63660"}],"version-history":[{"count":1,"href":"https:\/\/zonaroja.com.mx\/index.php?rest_route=\/wp\/v2\/posts\/63660\/revisions"}],"predecessor-version":[{"id":63662,"href":"https:\/\/zonaroja.com.mx\/index.php?rest_route=\/wp\/v2\/posts\/63660\/revisions\/63662"}],"wp:featuredmedia":[{"embeddable":true,"href":"https:\/\/zonaroja.com.mx\/index.php?rest_route=\/wp\/v2\/media\/63661"}],"wp:attachment":[{"href":"https:\/\/zonaroja.com.mx\/index.php?rest_route=%2Fwp%2Fv2%2Fmedia&parent=63660"}],"wp:term":[{"taxonomy":"category","embeddable":true,"href":"https:\/\/zonaroja.com.mx\/index.php?rest_route=%2Fwp%2Fv2%2Fcategories&post=63660"},{"taxonomy":"post_tag","embeddable":true,"href":"https:\/\/zonaroja.com.mx\/index.php?rest_route=%2Fwp%2Fv2%2Ftags&post=63660"}],"curies":[{"name":"wp","href":"https:\/\/api.w.org\/{rel}","templated":true}]}}