{"id":63670,"date":"2023-12-28T08:30:00","date_gmt":"2023-12-28T14:30:00","guid":{"rendered":"http:\/\/www.zonaroja.com.mx\/?p=63670"},"modified":"2023-12-28T06:47:47","modified_gmt":"2023-12-28T12:47:47","slug":"detiene-fiscalia-de-oaxaca-a-dos-presuntos-homicidas-de-yautepec","status":"publish","type":"post","link":"https:\/\/zonaroja.com.mx\/?p=63670","title":{"rendered":"Detiene Fiscal\u00eda de Oaxaca a dos presuntos homicidas de Yautepec"},"content":{"rendered":"\n<p>Redacci\u00f3n\/Zona Roja.<\/p>\n\n\n\n<p>Oaxaca de Ju\u00e1rez, Oax., a 28 de diciembre de 2023.-&nbsp;La Fiscal\u00eda General del Estado de Oaxaca (FGEO) ejecut\u00f3 una orden de aprehensi\u00f3n que permiti\u00f3 la detenci\u00f3n de dos personas del sexo masculino identificadas por las iniciales A. T. G. y V. T. G. o V. T. M., imputados por el delito de Homicidio Calificado en agravio de dos v\u00edctimas, cometido en la regi\u00f3n del Istmo de Tehuantepec.<\/p>\n\n\n\n<p>Los hechos sucedieron el 1 de abril de 2022, en el corredor de la Agencia de Polic\u00eda de Santa Cruz La Reforma, perteneciente al municipio de San Carlos Yautepec, donde se encontraba un grupo de pobladores que acudi\u00f3 a una reuni\u00f3n de comuneros cuando repentinamente dispararon en su contra, agresi\u00f3n por la cual perdieron la vida dos hombres que fueron identificados por las iniciales Z. Z. D. y S. C. S.<\/p>\n\n\n\n<p>La FGEO tom\u00f3 conocimiento del caso y qued\u00f3 a cargo de la Vicefiscal\u00eda Regional del Istmo que implement\u00f3 los protocolos de investigaci\u00f3n para delitos de alto impacto que hizo posible la obtenci\u00f3n de pruebas con las cuales se libraron las \u00f3rdenes de aprehensi\u00f3n correspondientes.&nbsp;<\/p>\n\n\n\n<p>Elementos de la Agencia Estatal de Investigaciones (AEI) dieron con el paradero de los imputados, por lo que realizaron un efectivo operativo en calles del Barrio Santa Cruz, de Yautepec, donde dieron cumplimiento al mandato judicial y detuvieron a dos personas.<\/p>\n\n\n\n<p>Luego de su detenci\u00f3n, A. T. G. y V. T. G. o V. T. M. quedaron a disposici\u00f3n de la autoridad ministerial correspondiente para determinar su situaci\u00f3n jur\u00eddica en las pr\u00f3ximas horas.<\/p>\n\n\n\n<p>En casos de alto impacto, la Fiscal\u00eda de Oaxaca aplica t\u00e9cnicas de investigaci\u00f3n ministerial y cient\u00edficas para dar con los responsables de las conductas criminales, lo cual permite tener un alto \u00edndice de efectividad en los trabajos de procuraci\u00f3n de justicia a favor de las v\u00edctimas.<\/p>\n","protected":false},"excerpt":{"rendered":"<p>Redacci\u00f3n\/Zona Roja. Oaxaca de Ju\u00e1rez, Oax., a 28 de diciembre de 2023.-&nbsp;La Fiscal\u00eda General del&hellip;<\/p>\n","protected":false},"author":2,"featured_media":62243,"comment_status":"closed","ping_status":"open","sticky":false,"template":"","format":"standard","meta":{"_lmt_disableupdate":"","_lmt_disable":"","_jetpack_memberships_contains_paid_content":false,"footnotes":""},"categories":[109,46],"tags":[494],"class_list":["post-63670","post","type-post","status-publish","format-standard","has-post-thumbnail","hentry","category-minuto-a-minuto","category-zona-blanca","tag-fiscalia-general-del-estado-de-oaxaca"],"jetpack_featured_media_url":"https:\/\/zonaroja.com.mx\/wp-content\/uploads\/2023\/11\/Prision-carcel-detenido-encarcelado.jpg","jetpack_sharing_enabled":true,"_links":{"self":[{"href":"https:\/\/zonaroja.com.mx\/index.php?rest_route=\/wp\/v2\/posts\/63670","targetHints":{"allow":["GET"]}}],"collection":[{"href":"https:\/\/zonaroja.com.mx\/index.php?rest_route=\/wp\/v2\/posts"}],"about":[{"href":"https:\/\/zonaroja.com.mx\/index.php?rest_route=\/wp\/v2\/types\/post"}],"author":[{"embeddable":true,"href":"https:\/\/zonaroja.com.mx\/index.php?rest_route=\/wp\/v2\/users\/2"}],"replies":[{"embeddable":true,"href":"https:\/\/zonaroja.com.mx\/index.php?rest_route=%2Fwp%2Fv2%2Fcomments&post=63670"}],"version-history":[{"count":1,"href":"https:\/\/zonaroja.com.mx\/index.php?rest_route=\/wp\/v2\/posts\/63670\/revisions"}],"predecessor-version":[{"id":63671,"href":"https:\/\/zonaroja.com.mx\/index.php?rest_route=\/wp\/v2\/posts\/63670\/revisions\/63671"}],"wp:featuredmedia":[{"embeddable":true,"href":"https:\/\/zonaroja.com.mx\/index.php?rest_route=\/wp\/v2\/media\/62243"}],"wp:attachment":[{"href":"https:\/\/zonaroja.com.mx\/index.php?rest_route=%2Fwp%2Fv2%2Fmedia&parent=63670"}],"wp:term":[{"taxonomy":"category","embeddable":true,"href":"https:\/\/zonaroja.com.mx\/index.php?rest_route=%2Fwp%2Fv2%2Fcategories&post=63670"},{"taxonomy":"post_tag","embeddable":true,"href":"https:\/\/zonaroja.com.mx\/index.php?rest_route=%2Fwp%2Fv2%2Ftags&post=63670"}],"curies":[{"name":"wp","href":"https:\/\/api.w.org\/{rel}","templated":true}]}}