{"id":63672,"date":"2023-12-28T09:30:00","date_gmt":"2023-12-28T15:30:00","guid":{"rendered":"http:\/\/www.zonaroja.com.mx\/?p=63672"},"modified":"2023-12-28T06:50:02","modified_gmt":"2023-12-28T12:50:02","slug":"perdona-fiscalia-de-edomex-a-pobladores-de-texcaltitlan-por-masacre","status":"publish","type":"post","link":"https:\/\/zonaroja.com.mx\/?p=63672","title":{"rendered":"Perdona Fiscal\u00eda de Edomex a pobladores de Texcaltitl\u00e1n, por masacre"},"content":{"rendered":"\n<p>Redacci\u00f3n\/Zona Roja Cdmx.<\/p>\n\n\n\n<p>Ciudad de M\u00e9xico, a 28 de diciembre de 2023.- La Fiscal\u00eda del Estado de M\u00e9xico inform\u00f3 que, derivado del enfrentamiento entre pobladores de Texcaltitl\u00e1n y presuntos integrantes de \u201cLa Familia Michoacana\u201d, se determin\u00f3 que los hechos fueron en leg\u00edtima defensa, por lo que no se ejercer\u00e1 acci\u00f3n penal en contra de los habitantes de la localidad.<\/p>\n\n\n\n<p>Asimismo, se dio a conocer que son 14 las personas desaparecidas tras este hecho violento que dej\u00f3 otras 14 personas fallecidas.<\/p>\n\n\n\n<p>Sobre esto \u00faltimo, Jos\u00e9 Luis Cervantes Mart\u00ednez, titular de la Fiscal\u00eda local se\u00f1al\u00f3 que se ofrecen 500 mil pesos de recompensa para quien d\u00e9 informaci\u00f3n que ayude a dar con el paradero de los 14 desaparecidos.<\/p>\n\n\n\n<p>Detall\u00f3 que por estas desapariciones se presentaron tres denuncias, mientras que ya se han difundido fichas de b\u00fasqueda de 2 ni\u00f1as, 2 ni\u00f1os, 3 mujeres y 7 masculinos adultos.<\/p>\n\n\n\n<p>Asimismo, sostuvo que hasta el momento ning\u00fan grupo criminal se ha adjudicado estas desapariciones, por lo que se sigue investigando el caso.<\/p>\n\n\n\n<p>En tanto, sobre la muerte de 14 personas -10 de ellas presuntamente integrantes de la Familia Michoacana-, durante el enfrentamiento registrado el 8 de diciembre pasado, el fiscal del Estado de M\u00e9xico asegur\u00f3 que el asesinato de los presuntos criminales fue en leg\u00edtima defensa, por lo que los pobladores de la comunidad de Texcaltitl\u00e1n que participaron en este evento no ser\u00e1n juzgados.<\/p>\n\n\n\n<p>Por el contrario, se indic\u00f3 que ya fueron detenidas 13 personas que se presumen formar parte de la Familia Michoacana y est\u00e1n relacionados con estos hechos.<\/p>\n\n\n\n<p>(Informaci\u00f3n de \u201cEl Economista\u201d)<\/p>\n","protected":false},"excerpt":{"rendered":"<p>Redacci\u00f3n\/Zona Roja Cdmx. Ciudad de M\u00e9xico, a 28 de diciembre de 2023.- La Fiscal\u00eda del&hellip;<\/p>\n","protected":false},"author":2,"featured_media":63011,"comment_status":"closed","ping_status":"open","sticky":false,"template":"","format":"standard","meta":{"_lmt_disableupdate":"","_lmt_disable":"","_jetpack_memberships_contains_paid_content":false,"footnotes":""},"categories":[109,47],"tags":[3750],"class_list":["post-63672","post","type-post","status-publish","format-standard","has-post-thumbnail","hentry","category-minuto-a-minuto","category-zona-gris","tag-texcaltitlan"],"jetpack_featured_media_url":"https:\/\/zonaroja.com.mx\/wp-content\/uploads\/2023\/12\/Enfrentamiento-Texcaltitlan-Edomex.jpeg","jetpack_sharing_enabled":true,"_links":{"self":[{"href":"https:\/\/zonaroja.com.mx\/index.php?rest_route=\/wp\/v2\/posts\/63672","targetHints":{"allow":["GET"]}}],"collection":[{"href":"https:\/\/zonaroja.com.mx\/index.php?rest_route=\/wp\/v2\/posts"}],"about":[{"href":"https:\/\/zonaroja.com.mx\/index.php?rest_route=\/wp\/v2\/types\/post"}],"author":[{"embeddable":true,"href":"https:\/\/zonaroja.com.mx\/index.php?rest_route=\/wp\/v2\/users\/2"}],"replies":[{"embeddable":true,"href":"https:\/\/zonaroja.com.mx\/index.php?rest_route=%2Fwp%2Fv2%2Fcomments&post=63672"}],"version-history":[{"count":1,"href":"https:\/\/zonaroja.com.mx\/index.php?rest_route=\/wp\/v2\/posts\/63672\/revisions"}],"predecessor-version":[{"id":63673,"href":"https:\/\/zonaroja.com.mx\/index.php?rest_route=\/wp\/v2\/posts\/63672\/revisions\/63673"}],"wp:featuredmedia":[{"embeddable":true,"href":"https:\/\/zonaroja.com.mx\/index.php?rest_route=\/wp\/v2\/media\/63011"}],"wp:attachment":[{"href":"https:\/\/zonaroja.com.mx\/index.php?rest_route=%2Fwp%2Fv2%2Fmedia&parent=63672"}],"wp:term":[{"taxonomy":"category","embeddable":true,"href":"https:\/\/zonaroja.com.mx\/index.php?rest_route=%2Fwp%2Fv2%2Fcategories&post=63672"},{"taxonomy":"post_tag","embeddable":true,"href":"https:\/\/zonaroja.com.mx\/index.php?rest_route=%2Fwp%2Fv2%2Ftags&post=63672"}],"curies":[{"name":"wp","href":"https:\/\/api.w.org\/{rel}","templated":true}]}}