{"id":63677,"date":"2023-12-28T11:30:00","date_gmt":"2023-12-28T17:30:00","guid":{"rendered":"http:\/\/www.zonaroja.com.mx\/?p=63677"},"modified":"2023-12-28T07:03:30","modified_gmt":"2023-12-28T13:03:30","slug":"hay-una-deuda-con-la-sociedad-frida-guerrera-a-amlo","status":"publish","type":"post","link":"https:\/\/zonaroja.com.mx\/?p=63677","title":{"rendered":"\u201cHay una deuda con la sociedad\u201d: Frida Guerrera a AMLO"},"content":{"rendered":"\n<p>Redacci\u00f3n\/Zona Roja Cdmx.<\/p>\n\n\n\n<p>Ciudad de M\u00e9xico, a 28 de diciembre de 2023.- Durante la conferencia ma\u00f1anera de ayer, el Presidente Andr\u00e9s Manuel L\u00f3pez Obrador fue cuestionado por la crisis de desapariciones en M\u00e9xico&nbsp;y los pocos resultados que en su gobierno han dado las autoridades a v\u00edctimas y colectivos civiles.<\/p>\n\n\n\n<p>Se trat\u00f3 de la periodista y activista Frida Guerrera, quien expres\u00f3 su inconformidad ante la falta de respuesta de las autoridades locales y federales ante la inseguridad y las investigaciones de personas desaparecidas.<\/p>\n\n\n\n<p>Durante su participaci\u00f3n, la cual fue a la fuerza al no d\u00e1rsele el micr\u00f3fono, se\u00f1al\u00f3 la falta de informaci\u00f3n por parte de las autoridades a las v\u00edctimas, as\u00ed como de la poca coordinaci\u00f3n entre instituciones lo que genera inacci\u00f3n por parte del gobierno y desemboca en que sean los familiares quienes gestionen la b\u00fasqueda.<\/p>\n\n\n\n<p>Ante esto, el Presidente respondi\u00f3 que estaban trabajando en el tema y que no permitir\u00eda que se utilice el tema de forma pol\u00edtica, pero al desviarse, la periodista lo interrumpi\u00f3 y se\u00f1al\u00f3 que no ha habido una respuesta de su parte a las personas que confiaron en \u00e9l.<\/p>\n\n\n\n<p>\u201cCre\u00edmos mucho en usted incluidas muchas familias que lo vieron como \u2018ahora s\u00ed va a llegar, la justicia tarda pero llega\u2019. Si de verdad hubiera eco de sus funcionarios de atender a estas familias que se sienten abandonadas, si hubiera esa atenci\u00f3n (&#8230;) Hay una deuda con la sociedad, hay una deuda con el tema de derechos humanos\u201d, se\u00f1al\u00f3.<\/p>\n\n\n\n<p>Adem\u00e1s, dijo que no le ha brindado la atenci\u00f3n que deber\u00eda como lo ha hecho con otros temas, como su megaproyectos. Por lo que exigi\u00f3 que cumpliera sus promesas y en verdad escuchara la voz de las personas a las que habl\u00f3 en campa\u00f1a.<\/p>\n\n\n\n<p>De igual modo, Guerrera se\u00f1al\u00f3 que le han sido castigados los accesos a las conferencias, por lo que se\u00f1al\u00f3 que estaba siendo censurada. \u201cNo hay nadie que sea censurado porque si tuvi\u00e9semos nosotros un doble discurso, una doble moral (&#8230;) nos preocupara mucho\u201d respondi\u00f3 AMLO, quien sigui\u00f3 insistiendo en que se trabaja.<\/p>\n\n\n\n<p>92 MIL DESAPARECIDOS<\/p>\n\n\n\n<p>Por otro lado, el Presidente reconoci\u00f3 que m\u00e1s de 92 mil personas desaparecidas, de acuerdo con un nuevo censo realizado despu\u00e9s de que en una primera instancia se se\u00f1alaban a 12 mil personas desaparecidas confirmadas, versi\u00f3n confrontada por periodistas y activistas.<\/p>\n\n\n\n<p>Esta contrastaba con la cifra del Registro Nacional de Personas Desaparecidas y No Localizadas (RNPDNO), que rondaban en las 110 mil. El presidente se\u00f1al\u00f3 que 16 mil 681 personas fueron localizadas por el gobierno al verificar los datos del censo.<\/p>\n\n\n\n<p>(Informaci\u00f3n de \u201cPol\u00edtico Mx\u201d)<\/p>\n","protected":false},"excerpt":{"rendered":"<p>Redacci\u00f3n\/Zona Roja Cdmx. Ciudad de M\u00e9xico, a 28 de diciembre de 2023.- Durante la conferencia&hellip;<\/p>\n","protected":false},"author":2,"featured_media":23002,"comment_status":"closed","ping_status":"open","sticky":false,"template":"","format":"standard","meta":{"_lmt_disableupdate":"","_lmt_disable":"","_jetpack_memberships_contains_paid_content":false,"footnotes":""},"categories":[109,47],"tags":[1377],"class_list":["post-63677","post","type-post","status-publish","format-standard","has-post-thumbnail","hentry","category-minuto-a-minuto","category-zona-gris","tag-frida-guerrera-villalvazo"],"jetpack_featured_media_url":"https:\/\/zonaroja.com.mx\/wp-content\/uploads\/2021\/01\/Frida-Guerrera-mananera.jpg","jetpack_sharing_enabled":true,"_links":{"self":[{"href":"https:\/\/zonaroja.com.mx\/index.php?rest_route=\/wp\/v2\/posts\/63677","targetHints":{"allow":["GET"]}}],"collection":[{"href":"https:\/\/zonaroja.com.mx\/index.php?rest_route=\/wp\/v2\/posts"}],"about":[{"href":"https:\/\/zonaroja.com.mx\/index.php?rest_route=\/wp\/v2\/types\/post"}],"author":[{"embeddable":true,"href":"https:\/\/zonaroja.com.mx\/index.php?rest_route=\/wp\/v2\/users\/2"}],"replies":[{"embeddable":true,"href":"https:\/\/zonaroja.com.mx\/index.php?rest_route=%2Fwp%2Fv2%2Fcomments&post=63677"}],"version-history":[{"count":1,"href":"https:\/\/zonaroja.com.mx\/index.php?rest_route=\/wp\/v2\/posts\/63677\/revisions"}],"predecessor-version":[{"id":63678,"href":"https:\/\/zonaroja.com.mx\/index.php?rest_route=\/wp\/v2\/posts\/63677\/revisions\/63678"}],"wp:featuredmedia":[{"embeddable":true,"href":"https:\/\/zonaroja.com.mx\/index.php?rest_route=\/wp\/v2\/media\/23002"}],"wp:attachment":[{"href":"https:\/\/zonaroja.com.mx\/index.php?rest_route=%2Fwp%2Fv2%2Fmedia&parent=63677"}],"wp:term":[{"taxonomy":"category","embeddable":true,"href":"https:\/\/zonaroja.com.mx\/index.php?rest_route=%2Fwp%2Fv2%2Fcategories&post=63677"},{"taxonomy":"post_tag","embeddable":true,"href":"https:\/\/zonaroja.com.mx\/index.php?rest_route=%2Fwp%2Fv2%2Ftags&post=63677"}],"curies":[{"name":"wp","href":"https:\/\/api.w.org\/{rel}","templated":true}]}}