{"id":6368,"date":"2019-12-05T09:22:39","date_gmt":"2019-12-05T15:22:39","guid":{"rendered":"http:\/\/www.zonaroja.com.mx\/?p=6368"},"modified":"2019-12-05T09:23:20","modified_gmt":"2019-12-05T15:23:20","slug":"laura-karen-la-joven-desaparecida-que-movilizo-al-pais-desde-un-bar","status":"publish","type":"post","link":"https:\/\/zonaroja.com.mx\/?p=6368","title":{"rendered":"Laura Karen, la joven desaparecida que moviliz\u00f3 al pa\u00eds\u2026 desde un bar"},"content":{"rendered":"\n<p>Redacci\u00f3n\/Cdmx.<\/p>\n\n\n\n<p>Ciudad de M\u00e9xico, 5 de diciembre de\n2019.- La presunta desaparici\u00f3n de Laura Karen Esp\u00edndola Fabi\u00e1n moviliz\u00f3 al pa\u00eds\npor m\u00e1s de 24 horas.<\/p>\n\n\n\n<p>La mujer, de 30 a\u00f1os de edad, avis\u00f3 a\nsu mam\u00e1 minutos antes de las nueve de la noche del martes que el chofer de un\ntaxi que abord\u00f3 en las inmediaciones de la estaci\u00f3n General Anaya del Sistema\nde Transporte Colectivo Metro, Ciudad de M\u00e8xico, se ve\u00eda sospechoso y raro.<\/p>\n\n\n\n<p>Su mam\u00e1 respondi\u00f3 el mensaje, v\u00eda\nWhatsApp, que se bajara del veh\u00edculo, pero ya no recibi\u00f3 respuesta ni se supo\nnada de Laura Karen, quien reapareci\u00f3 minutos antes del mediod\u00eda de ayer,\nrese\u00f1\u00f3 hoy \u201cLa Jornada\u201d.<\/p>\n\n\n\n<p>Lleg\u00f3 sola, por su propio pie y a bordo\nde otro taxi con crom\u00e1tica rosa con blanco, pero sin su bolsa y tel\u00e9fono.<\/p>\n\n\n\n<p>Sin embargo, por la noche de ayer, fuentes\nministeriales difundieron un video de un restaurante bar con raz\u00f3n social \u201cKali\u201d,\nubicado en Villa Coapa, cercano al domicilio de sus padres, en el que se\nobserva a Laura Karen, donde supuestamente permaneci\u00f3 desde las 16:30 de la\ntarde del martes hasta las 2:30 de la madrugada del mi\u00e9rcoles.<\/p>\n\n\n\n<p>Casi al medio d\u00eda de ayer, momentos\ndespu\u00e9s de que reapareci\u00f3, la procuradora capitalina, Ernestina Godoy, dijo en\nentrevista que \u201cpr\u00e1cticamente todo el gobierno entr\u00f3 en acci\u00f3n\u00bb cuando se\nconoci\u00f3 a trav\u00e9s de redes sociales la petici\u00f3n de ayuda de su hermano Daniel y\ntras acudir a la procuradur\u00eda para denunciar su desaparici\u00f3n.<\/p>\n\n\n\n<p>Coment\u00f3 que el caso de la mujer fue\ntema principal del gabinete de seguridad, con lo que la primera comunicaci\u00f3n\noficial de la desaparici\u00f3n se conoci\u00f3 a las 7:43 de la ma\u00f1ana por la jefa de\nGobierno, Claudia Sheinbaum, quien public\u00f3 en su cuenta de Twitter que estaba\nmuy pendiente y atenta.<\/p>\n\n\n\n<p>La procuradora prefiri\u00f3 no especificar\nsi la desaparici\u00f3n de Laura Karen fue un secuestro, robo o alg\u00fan otro delito, y\ndijo ser respetuosa de los tiempos de la mujer para que presente su\ndeclaraci\u00f3n.<\/p>\n\n\n\n<p>Familiares de la joven, consultados por\n\u201cLa Jornada\u201d, refirieron que la mujer regres\u00f3 a casa en estado de choque, sin\nquerer hablar y con m\u00faltiples golpes, algunos de ellos, aseguraron, en la\nespalda, con lo que presum\u00edan que hab\u00eda sido atacada por sujetos que habr\u00edan\nabordado el taxi en el que viajaba e impedido que pudiera mandar otro mensaje a\nsu mam\u00e1 y defenderse.<\/p>\n\n\n\n<p>Personal de la Subprocuradur\u00eda de\nAtenci\u00f3n a V\u00edctimas acudi\u00f3 a la casa de los padres de Laura Karen, madre de\ntres ni\u00f1os, para brindarles apoyo.<\/p>\n","protected":false},"excerpt":{"rendered":"<p>Redacci\u00f3n\/Cdmx. Ciudad de M\u00e9xico, 5 de diciembre de 2019.- La presunta desaparici\u00f3n de Laura Karen&hellip;<\/p>\n","protected":false},"author":2,"featured_media":6369,"comment_status":"closed","ping_status":"open","sticky":false,"template":"","format":"standard","meta":{"_lmt_disableupdate":"","_lmt_disable":"","_jetpack_memberships_contains_paid_content":false,"footnotes":""},"categories":[109,47],"tags":[1101],"class_list":["post-6368","post","type-post","status-publish","format-standard","has-post-thumbnail","hentry","category-minuto-a-minuto","category-zona-gris","tag-laura-karen-espindola-fabian"],"jetpack_featured_media_url":"https:\/\/zonaroja.com.mx\/wp-content\/uploads\/2019\/12\/Laura-Karen.jpg","jetpack_sharing_enabled":true,"_links":{"self":[{"href":"https:\/\/zonaroja.com.mx\/index.php?rest_route=\/wp\/v2\/posts\/6368","targetHints":{"allow":["GET"]}}],"collection":[{"href":"https:\/\/zonaroja.com.mx\/index.php?rest_route=\/wp\/v2\/posts"}],"about":[{"href":"https:\/\/zonaroja.com.mx\/index.php?rest_route=\/wp\/v2\/types\/post"}],"author":[{"embeddable":true,"href":"https:\/\/zonaroja.com.mx\/index.php?rest_route=\/wp\/v2\/users\/2"}],"replies":[{"embeddable":true,"href":"https:\/\/zonaroja.com.mx\/index.php?rest_route=%2Fwp%2Fv2%2Fcomments&post=6368"}],"version-history":[{"count":1,"href":"https:\/\/zonaroja.com.mx\/index.php?rest_route=\/wp\/v2\/posts\/6368\/revisions"}],"predecessor-version":[{"id":6370,"href":"https:\/\/zonaroja.com.mx\/index.php?rest_route=\/wp\/v2\/posts\/6368\/revisions\/6370"}],"wp:featuredmedia":[{"embeddable":true,"href":"https:\/\/zonaroja.com.mx\/index.php?rest_route=\/wp\/v2\/media\/6369"}],"wp:attachment":[{"href":"https:\/\/zonaroja.com.mx\/index.php?rest_route=%2Fwp%2Fv2%2Fmedia&parent=6368"}],"wp:term":[{"taxonomy":"category","embeddable":true,"href":"https:\/\/zonaroja.com.mx\/index.php?rest_route=%2Fwp%2Fv2%2Fcategories&post=6368"},{"taxonomy":"post_tag","embeddable":true,"href":"https:\/\/zonaroja.com.mx\/index.php?rest_route=%2Fwp%2Fv2%2Ftags&post=6368"}],"curies":[{"name":"wp","href":"https:\/\/api.w.org\/{rel}","templated":true}]}}