{"id":63684,"date":"2023-12-30T12:30:00","date_gmt":"2023-12-30T18:30:00","guid":{"rendered":"http:\/\/www.zonaroja.com.mx\/?p=63684"},"modified":"2023-12-30T07:49:32","modified_gmt":"2023-12-30T13:49:32","slug":"sufren-niveles-cronicos-de-hambre-5-8-millones-de-ninos-en-el-mundo-ong","status":"publish","type":"post","link":"https:\/\/zonaroja.com.mx\/?p=63684","title":{"rendered":"Sufren niveles cr\u00f3nicos de hambre 5.8 millones de ni\u00f1os en el mundo: ONG"},"content":{"rendered":"\n<p>Redacci\u00f3n\/Zona Roja Cdmx.<\/p>\n\n\n\n<p>Ciudad de M\u00e9xico, a 30 de diciembre de 2023.- El empeoramiento de la crisis alimentaria en 10 pa\u00edses, entre ellos Sud\u00e1n, Hait\u00ed y L\u00edbano, ha llevado a 5.8 millones de ni\u00f1os a niveles cr\u00f3nicos de hambre, lo que significa unos 16 mil al d\u00eda, inform\u00f3 ayer la organizaci\u00f3n humanitaria Save the Children, que calcula en 24 millones el numero de menores que son v\u00edctimas de esta crisis en el mundo.<\/p>\n\n\n\n<p>La organizaci\u00f3n no gubernamental examin\u00f3 los datos de la clasificaci\u00f3n integrada de las fases de la seguridad alimentaria para advertir sobre el empeoramiento de la situaci\u00f3n en Sud\u00e1n, Somalia, Burundi, Yibuti, Gambia, Hait\u00ed, L\u00edbano, Liberia, Senegal y Malaui.<\/p>\n\n\n\n<p>Preocupa especialmente la situaci\u00f3n de Sudan, donde luego del estallido del conflicto en abril ya hay cuatro millones de ni\u00f1os con hambre, 74 por ciento m\u00e1s que en 2022. Somalia es el segundo pa\u00eds donde m\u00e1s empeoran los datos, ya que otros 500 mil menores se han visto abocados a este escenario, hasta 3.5 millones.<\/p>\n\n\n\n<p>En t\u00e9rminos netos, Rep\u00fablica Democr\u00e1tica del Congo a\u00fan representa la mayor crisis alimentaria del mundo para los ni\u00f1os, ya que pese a una ligera reducci\u00f3n de los casos m\u00e1s graves, alrededor de 13.5 millones de ni\u00f1os padecen inseguridad alimentaria aguda.<\/p>\n\n\n\n<p>Save the Children reconoce avances, \u201cpero falta mucho\u201d<\/p>\n\n\n\n<p>La responsable de Promoci\u00f3n y Pol\u00edticas contra el Hambre de Save the Children, Nana Ndeda, subray\u00f3 que \u201cla desnutrici\u00f3n no es una causa perdida\u201d, e indic\u00f3 que, pese a \u201cenormes avances\u201d en las \u00faltimas d\u00e9cadas, los conflictos, la inestabilidad econ\u00f3mica y la emergencia clim\u00e1tica han hecho que el mundo se sit\u00fae a\u00fan lejos de la erradicaci\u00f3n total.<\/p>\n\n\n\n<p>\u201cSi queremos poner fin al hambre mundial, debemos abordar todas las causas fundamentales. No podemos seguir escondi\u00e9ndolo debajo de la alfombra\u201d, reclam\u00f3.<\/p>\n\n\n\n<p>En un comunicado Save the Children hizo un llamado a los dirigentes mundiales a fin de que aborden las causas profundas de la inseguridad alimentaria y nutricional aguda.<\/p>\n\n\n\n<p>\u201cS\u00f3lo poniendo fin al conflicto global, abordando la crisis clim\u00e1tica y la desigualdad global y construyendo sistemas de salud, nutrici\u00f3n y protecci\u00f3n m\u00e1s resilientes y menos vulnerables a emergencias como la del covid-19, los conflictos y la crisis clim\u00e1tica, podremos garantizar que las mismas advertencias no vuelvan en 2024\u201d, indic\u00f3 la organizaci\u00f3n.<\/p>\n\n\n\n<p>(Informaci\u00f3n de \u201cLa Jornada\u201d)<\/p>\n","protected":false},"excerpt":{"rendered":"<p>Redacci\u00f3n\/Zona Roja Cdmx. Ciudad de M\u00e9xico, a 30 de diciembre de 2023.- El empeoramiento de&hellip;<\/p>\n","protected":false},"author":2,"featured_media":63685,"comment_status":"closed","ping_status":"open","sticky":false,"template":"","format":"standard","meta":{"_lmt_disableupdate":"","_lmt_disable":"","_jetpack_memberships_contains_paid_content":false,"footnotes":""},"categories":[109,47],"tags":[],"class_list":["post-63684","post","type-post","status-publish","format-standard","has-post-thumbnail","hentry","category-minuto-a-minuto","category-zona-gris"],"jetpack_featured_media_url":"https:\/\/zonaroja.com.mx\/wp-content\/uploads\/2023\/12\/Hambruna-hambre-pobreza.jpeg","jetpack_sharing_enabled":true,"_links":{"self":[{"href":"https:\/\/zonaroja.com.mx\/index.php?rest_route=\/wp\/v2\/posts\/63684","targetHints":{"allow":["GET"]}}],"collection":[{"href":"https:\/\/zonaroja.com.mx\/index.php?rest_route=\/wp\/v2\/posts"}],"about":[{"href":"https:\/\/zonaroja.com.mx\/index.php?rest_route=\/wp\/v2\/types\/post"}],"author":[{"embeddable":true,"href":"https:\/\/zonaroja.com.mx\/index.php?rest_route=\/wp\/v2\/users\/2"}],"replies":[{"embeddable":true,"href":"https:\/\/zonaroja.com.mx\/index.php?rest_route=%2Fwp%2Fv2%2Fcomments&post=63684"}],"version-history":[{"count":3,"href":"https:\/\/zonaroja.com.mx\/index.php?rest_route=\/wp\/v2\/posts\/63684\/revisions"}],"predecessor-version":[{"id":63752,"href":"https:\/\/zonaroja.com.mx\/index.php?rest_route=\/wp\/v2\/posts\/63684\/revisions\/63752"}],"wp:featuredmedia":[{"embeddable":true,"href":"https:\/\/zonaroja.com.mx\/index.php?rest_route=\/wp\/v2\/media\/63685"}],"wp:attachment":[{"href":"https:\/\/zonaroja.com.mx\/index.php?rest_route=%2Fwp%2Fv2%2Fmedia&parent=63684"}],"wp:term":[{"taxonomy":"category","embeddable":true,"href":"https:\/\/zonaroja.com.mx\/index.php?rest_route=%2Fwp%2Fv2%2Fcategories&post=63684"},{"taxonomy":"post_tag","embeddable":true,"href":"https:\/\/zonaroja.com.mx\/index.php?rest_route=%2Fwp%2Fv2%2Ftags&post=63684"}],"curies":[{"name":"wp","href":"https:\/\/api.w.org\/{rel}","templated":true}]}}