{"id":63695,"date":"2023-12-29T08:30:00","date_gmt":"2023-12-29T14:30:00","guid":{"rendered":"http:\/\/www.zonaroja.com.mx\/?p=63695"},"modified":"2023-12-29T06:18:59","modified_gmt":"2023-12-29T12:18:59","slug":"apatia-ciudadana-por-crisis-en-ieepco-no-se-instalara-30-de-consejos-municipales","status":"publish","type":"post","link":"https:\/\/zonaroja.com.mx\/?p=63695","title":{"rendered":"Apat\u00eda ciudadana por crisis en IEEPCO: no se instalar\u00e1 30% de consejos municipales"},"content":{"rendered":"\n<p>Yuridiana Sosa\/Zona Roja.<\/p>\n\n\n\n<p>Oaxaca de Ju\u00e1rez, Oax., a 29 de diciembre de 2023.- Pese a cr\u00edticas y diversas observaciones por la falta de respuesta a la convocatoria, el Consejo General del IEEPCO aprob\u00f3 la instalaci\u00f3n de 107 consejos municipales para las elecciones del 2024, lo que representa el 30 por ciento menos del total de los 153 municipios.<\/p>\n\n\n\n<p>En un notable desacuerdo a las decisiones de la presidencia, consejeras y consejeros, as\u00ed como representantes de partidos pol\u00edticos, se\u00f1alaron en la sesi\u00f3n extraordinaria de este mi\u00e9rcoles, una posible falta de condiciones atractivas para que m\u00e1s ciudadanos se interesen m\u00e1s en la participaci\u00f3n de las elecciones locales.<\/p>\n\n\n\n<p>Pues, aunque no es la primera vez que existe una falta de consejos municipales, indicaron ante la presidente del IEEPCO, Elizabeth S\u00e1nchez Gon\u00e1lez, que &nbsp;lo que ocurre para la jornada del 2024 es grave ante el elevado n\u00famero de ausencias de consejos, con 46.<\/p>\n\n\n\n<p>Detallaron que la convocatoria del IEEPCO frente a las lanzadas por el Instituto Nacional Electoral (INE) o por otros organismos como el Instituto Nacional de Estad\u00edstica y Geograf\u00eda (Inegi) &nbsp;result\u00f3 poco atractiva, por lo que es necesaria una revisi\u00f3n de la misma para evitar la repetici\u00f3n de este suceso.<\/p>\n\n\n\n<p>Respecto a la instalaci\u00f3n de s\u00f3lo 107 consejos municipales para las elecciones por sistemas de Partidos Pol\u00edticos, el Consejo General aprob\u00f3 que se prolongue el plazo hasta el 31 de enero.<\/p>\n\n\n\n<p>Pues consideraron que es tiempo suficiente para que encuentren oficinas con las condiciones de infraestructura y de servicios necesarios para ejercer sus funciones.<\/p>\n\n\n\n<p>En este sentido, las consejeras tambi\u00e9n criticaron el m\u00e9todo a distancia en que se hab\u00edan instalado los 25 consejos distritales, de los que varios a\u00fan no cuentan con instalaciones f\u00edsicas.<\/p>\n\n\n\n<p>Previo a ese m\u00e9todo de instalaci\u00f3n a inicio de noviembre, la mayor\u00eda del cuerpo de concejales se manifest\u00f3 contra esa posibilidad al considerar que se corr\u00eda el riesgo de incurrir en una ilegalidad al no estar considerada esa opci\u00f3n por el \u00f3rgano electoral; pese a ello, se aprob\u00f3.<\/p>\n\n\n\n<p>La Consejera Jessica Jazibe Hern\u00e1ndez Garc\u00eda indic\u00f3 que la prolongaci\u00f3n del plazo para los consejos municipales se consider\u00f3 frente a lo que ocurri\u00f3 con los consejos distritales, que al paso de &nbsp;pasado 30 d\u00edas de su instalaci\u00f3n todav\u00eda no &nbsp;contaban con inmuebles sedes.<\/p>\n\n\n\n<p>Por eso se cuestionaron si la Junta General Ejecutiva iba a poder facilitar todos los insumos necesarios para los 107 consejos municipales y puedan sesionar en un inmueble adecuado y con todos los servicios para ello.<\/p>\n\n\n\n<p>\u00abHago un llamado respetuoso a las compa\u00f1eras y compa\u00f1eros coordinadores de los consejos distritales que forman parte de la Direcci\u00f3n Ejecutiva de organizaci\u00f3n y capacitaci\u00f3n electoral para que en ese ejercicio cumplan con su labor de supervisi\u00f3n y verificaci\u00f3n de los inmuebles que van a ser propuestos para esos 107 consejos municipales, y no suceda como la experiencia interior que se dedicaron a verificar las instalaciones hasta despu\u00e9s de la instalaci\u00f3n &nbsp;de los consejos distritales\u00bb, expres\u00f3.<\/p>\n","protected":false},"excerpt":{"rendered":"<p>Yuridiana Sosa\/Zona Roja. Oaxaca de Ju\u00e1rez, Oax., a 29 de diciembre de 2023.- Pese a&hellip;<\/p>\n","protected":false},"author":2,"featured_media":17563,"comment_status":"closed","ping_status":"open","sticky":false,"template":"","format":"standard","meta":{"_lmt_disableupdate":"","_lmt_disable":"","_jetpack_memberships_contains_paid_content":false,"footnotes":""},"categories":[109,47],"tags":[2932],"class_list":["post-63695","post","type-post","status-publish","format-standard","has-post-thumbnail","hentry","category-minuto-a-minuto","category-zona-gris","tag-instituto-estatal-electoral-y-de-participacion-ciudadana-de-oaxaca-ieepco"],"jetpack_featured_media_url":"https:\/\/zonaroja.com.mx\/wp-content\/uploads\/2020\/09\/Instituto-Estatal-Electoral-IEEPCO.jpg","jetpack_sharing_enabled":true,"_links":{"self":[{"href":"https:\/\/zonaroja.com.mx\/index.php?rest_route=\/wp\/v2\/posts\/63695","targetHints":{"allow":["GET"]}}],"collection":[{"href":"https:\/\/zonaroja.com.mx\/index.php?rest_route=\/wp\/v2\/posts"}],"about":[{"href":"https:\/\/zonaroja.com.mx\/index.php?rest_route=\/wp\/v2\/types\/post"}],"author":[{"embeddable":true,"href":"https:\/\/zonaroja.com.mx\/index.php?rest_route=\/wp\/v2\/users\/2"}],"replies":[{"embeddable":true,"href":"https:\/\/zonaroja.com.mx\/index.php?rest_route=%2Fwp%2Fv2%2Fcomments&post=63695"}],"version-history":[{"count":2,"href":"https:\/\/zonaroja.com.mx\/index.php?rest_route=\/wp\/v2\/posts\/63695\/revisions"}],"predecessor-version":[{"id":63705,"href":"https:\/\/zonaroja.com.mx\/index.php?rest_route=\/wp\/v2\/posts\/63695\/revisions\/63705"}],"wp:featuredmedia":[{"embeddable":true,"href":"https:\/\/zonaroja.com.mx\/index.php?rest_route=\/wp\/v2\/media\/17563"}],"wp:attachment":[{"href":"https:\/\/zonaroja.com.mx\/index.php?rest_route=%2Fwp%2Fv2%2Fmedia&parent=63695"}],"wp:term":[{"taxonomy":"category","embeddable":true,"href":"https:\/\/zonaroja.com.mx\/index.php?rest_route=%2Fwp%2Fv2%2Fcategories&post=63695"},{"taxonomy":"post_tag","embeddable":true,"href":"https:\/\/zonaroja.com.mx\/index.php?rest_route=%2Fwp%2Fv2%2Ftags&post=63695"}],"curies":[{"name":"wp","href":"https:\/\/api.w.org\/{rel}","templated":true}]}}