{"id":63725,"date":"2023-12-29T19:06:38","date_gmt":"2023-12-30T01:06:38","guid":{"rendered":"http:\/\/www.zonaroja.com.mx\/?p=63725"},"modified":"2023-12-29T19:06:40","modified_gmt":"2023-12-30T01:06:40","slug":"exhibe-falla-pesimo-estado-fisico-de-elevadores-en-hospital-civil-de-oaxaca","status":"publish","type":"post","link":"https:\/\/zonaroja.com.mx\/?p=63725","title":{"rendered":"Exhibe falla p\u00e9simo estado f\u00edsico de elevadores en Hospital Civil de Oaxaca"},"content":{"rendered":"\n<p>Ismael Garc\u00eda M.\/Zona Roja.<\/p>\n\n\n\n<p>Oaxaca de Ju\u00e1rez, Oax., a 29 de diciembre de 2023.- Una paciente y un trabajador quedaron atrapada por varios minutos en un elevador descompuesto, en el Hospital General \u201cDr. Aurelio Valdivieso\u201d de la ciudad de Oaxaca.<\/p>\n\n\n\n<p>Sin embargo, la dependencia Servicios de Salud de Oaxaca (SSO) minimiz\u00f3 el hecho y dijo que fue moment\u00e1neo y no hubo personas lesionadas.<\/p>\n\n\n\n<p>De acuerdo con trabajadores de la instituci\u00f3n, no es la \u00fanica vez que los elevadores del nosocomio, ubicado en la colonia Reforma, presentan fallas; la empresa responsable del mantenimiento, supuestamente los repara pero tarda poco tiempo en que vuelven a fallar.<\/p>\n\n\n\n<p>En una tarjeta informativa, los SSO dieron a conocer que la falla fue \u201cpor unos minutos\u201d y no se registraron incidentes mayores.<\/p>\n\n\n\n<p>\u201cAnte la interrupci\u00f3n en el servicio del ascensor, se activ\u00f3 el protocolo de la Unidad Interna de Protecci\u00f3n Civil del centro m\u00e9dico para realizar las maniobras de reactivaci\u00f3n del elevador, logrando el funcionamiento y salida de dos personas que se encontraban en el interior.<\/p>\n\n\n\n<p>\u201cDe esta manera, se llev\u00f3 a cabo la verificaci\u00f3n del correcto funcionamiento de este sistema de transporte\u201d, expuso, al se\u00f1alar que se da seguimiento a trav\u00e9s de la empresa encargada del mantenimiento de los ascensores, \u201cpara evitar incidentes\u201d.<\/p>\n","protected":false},"excerpt":{"rendered":"<p>Ismael Garc\u00eda M.\/Zona Roja. Oaxaca de Ju\u00e1rez, Oax., a 29 de diciembre de 2023.- Una&hellip;<\/p>\n","protected":false},"author":2,"featured_media":63726,"comment_status":"closed","ping_status":"open","sticky":false,"template":"","format":"standard","meta":{"_lmt_disableupdate":"","_lmt_disable":"","_jetpack_memberships_contains_paid_content":false,"footnotes":""},"categories":[109,47],"tags":[781],"class_list":["post-63725","post","type-post","status-publish","format-standard","has-post-thumbnail","hentry","category-minuto-a-minuto","category-zona-gris","tag-hospital-civil-dr-aurelio-valdivieso-de-oaxaca"],"jetpack_featured_media_url":"https:\/\/zonaroja.com.mx\/wp-content\/uploads\/2023\/12\/Falla-elevador-Hospital-Civil-Oaxaca.jpeg","jetpack_sharing_enabled":true,"_links":{"self":[{"href":"https:\/\/zonaroja.com.mx\/index.php?rest_route=\/wp\/v2\/posts\/63725","targetHints":{"allow":["GET"]}}],"collection":[{"href":"https:\/\/zonaroja.com.mx\/index.php?rest_route=\/wp\/v2\/posts"}],"about":[{"href":"https:\/\/zonaroja.com.mx\/index.php?rest_route=\/wp\/v2\/types\/post"}],"author":[{"embeddable":true,"href":"https:\/\/zonaroja.com.mx\/index.php?rest_route=\/wp\/v2\/users\/2"}],"replies":[{"embeddable":true,"href":"https:\/\/zonaroja.com.mx\/index.php?rest_route=%2Fwp%2Fv2%2Fcomments&post=63725"}],"version-history":[{"count":1,"href":"https:\/\/zonaroja.com.mx\/index.php?rest_route=\/wp\/v2\/posts\/63725\/revisions"}],"predecessor-version":[{"id":63727,"href":"https:\/\/zonaroja.com.mx\/index.php?rest_route=\/wp\/v2\/posts\/63725\/revisions\/63727"}],"wp:featuredmedia":[{"embeddable":true,"href":"https:\/\/zonaroja.com.mx\/index.php?rest_route=\/wp\/v2\/media\/63726"}],"wp:attachment":[{"href":"https:\/\/zonaroja.com.mx\/index.php?rest_route=%2Fwp%2Fv2%2Fmedia&parent=63725"}],"wp:term":[{"taxonomy":"category","embeddable":true,"href":"https:\/\/zonaroja.com.mx\/index.php?rest_route=%2Fwp%2Fv2%2Fcategories&post=63725"},{"taxonomy":"post_tag","embeddable":true,"href":"https:\/\/zonaroja.com.mx\/index.php?rest_route=%2Fwp%2Fv2%2Ftags&post=63725"}],"curies":[{"name":"wp","href":"https:\/\/api.w.org\/{rel}","templated":true}]}}