{"id":63728,"date":"2023-12-29T20:51:21","date_gmt":"2023-12-30T02:51:21","guid":{"rendered":"http:\/\/www.zonaroja.com.mx\/?p=63728"},"modified":"2023-12-29T20:51:23","modified_gmt":"2023-12-30T02:51:23","slug":"rescata-fiscalia-de-oaxaca-en-tamaulipas-a-dos-menores-desaparecidos","status":"publish","type":"post","link":"https:\/\/zonaroja.com.mx\/?p=63728","title":{"rendered":"Rescata Fiscal\u00eda de Oaxaca en Tamaulipas a dos menores desaparecidos"},"content":{"rendered":"\n<p>Raymundo Morales\/Zona Roja.<\/p>\n\n\n\n<p>Oaxaca de Ju\u00e1rez, Oax., a 29 de diciembre de 2023.-&nbsp;La Fiscal\u00eda General del Estado de Oaxaca localiz\u00f3 en Tamaulipas a dos menores de edad de la etnia Triqui, reportados como desaparecidos desde el pasado 24 de diciembre.<\/p>\n\n\n\n<p>Se trata de Axel A. N., de 12 a\u00f1os de edad, y Julia A. N., quienes fueron vistos por \u00faltima vez en Santa Mar\u00eda Zacatepc, municipio del distrito de Putla.<\/p>\n\n\n\n<p>En un comunicado, la instituci\u00f3n que encabeza Bernardo Rodr\u00edguez Alamilla inform\u00f3 que la localizaci\u00f3n fue con el apoyo de la Fiscal\u00eda General del Estado de Tamaulipas.<\/p>\n\n\n\n<p>A partir de la denuncia que se interpuso ante la Fiscal\u00eda de Oaxaca, se dio intervenci\u00f3n a la Unidad de B\u00fasqueda de Personas No Localizadas de la Vicefiscal\u00eda General de Atenci\u00f3n a V\u00edctimas y a la Sociedad, que se encarg\u00f3 de iniciar las investigaciones al respecto, as\u00ed como de la activaci\u00f3n de la Alerta \u00c1mber para fortalecer los trabajos ministeriales.&nbsp;<\/p>\n\n\n\n<p>\u201cComo resultado de las labores en materia de b\u00fasqueda y localizaci\u00f3n de personas, la Fiscal\u00eda de Oaxaca logr\u00f3 establecer que ambos adolescentes estaban en Tamaulipas, por lo que se hizo la solicitud formal para la colaboraci\u00f3n con la Fiscal\u00eda General de Justicia de ese estado, lo cual hizo posible su resguardo, adem\u00e1s que se iniciaron los tr\u00e1mites para su traslado de regreso a Oaxaca, para su certificaci\u00f3n y posterior restituci\u00f3n con su familia.<\/p>\n\n\n\n<p>\u201cLa denuncia es parte prioritaria y fundamental dentro de los procesos de investigaci\u00f3n y b\u00fasqueda de personas no localizadas que efect\u00faa la Fiscal\u00eda General del Justicia del Estado, a trav\u00e9s de las \u00e1reas especializadas\u201d, inform\u00f3 la instituci\u00f3n.<\/p>\n","protected":false},"excerpt":{"rendered":"<p>Raymundo Morales\/Zona Roja. Oaxaca de Ju\u00e1rez, Oax., a 29 de diciembre de 2023.-&nbsp;La Fiscal\u00eda General&hellip;<\/p>\n","protected":false},"author":2,"featured_media":63729,"comment_status":"closed","ping_status":"open","sticky":false,"template":"","format":"standard","meta":{"_lmt_disableupdate":"","_lmt_disable":"","_jetpack_memberships_contains_paid_content":false,"footnotes":""},"categories":[109,46],"tags":[494],"class_list":["post-63728","post","type-post","status-publish","format-standard","has-post-thumbnail","hentry","category-minuto-a-minuto","category-zona-blanca","tag-fiscalia-general-del-estado-de-oaxaca"],"jetpack_featured_media_url":"https:\/\/zonaroja.com.mx\/wp-content\/uploads\/2023\/12\/Menores-desaparecidos-rescatados.jpg","jetpack_sharing_enabled":true,"_links":{"self":[{"href":"https:\/\/zonaroja.com.mx\/index.php?rest_route=\/wp\/v2\/posts\/63728","targetHints":{"allow":["GET"]}}],"collection":[{"href":"https:\/\/zonaroja.com.mx\/index.php?rest_route=\/wp\/v2\/posts"}],"about":[{"href":"https:\/\/zonaroja.com.mx\/index.php?rest_route=\/wp\/v2\/types\/post"}],"author":[{"embeddable":true,"href":"https:\/\/zonaroja.com.mx\/index.php?rest_route=\/wp\/v2\/users\/2"}],"replies":[{"embeddable":true,"href":"https:\/\/zonaroja.com.mx\/index.php?rest_route=%2Fwp%2Fv2%2Fcomments&post=63728"}],"version-history":[{"count":1,"href":"https:\/\/zonaroja.com.mx\/index.php?rest_route=\/wp\/v2\/posts\/63728\/revisions"}],"predecessor-version":[{"id":63730,"href":"https:\/\/zonaroja.com.mx\/index.php?rest_route=\/wp\/v2\/posts\/63728\/revisions\/63730"}],"wp:featuredmedia":[{"embeddable":true,"href":"https:\/\/zonaroja.com.mx\/index.php?rest_route=\/wp\/v2\/media\/63729"}],"wp:attachment":[{"href":"https:\/\/zonaroja.com.mx\/index.php?rest_route=%2Fwp%2Fv2%2Fmedia&parent=63728"}],"wp:term":[{"taxonomy":"category","embeddable":true,"href":"https:\/\/zonaroja.com.mx\/index.php?rest_route=%2Fwp%2Fv2%2Fcategories&post=63728"},{"taxonomy":"post_tag","embeddable":true,"href":"https:\/\/zonaroja.com.mx\/index.php?rest_route=%2Fwp%2Fv2%2Ftags&post=63728"}],"curies":[{"name":"wp","href":"https:\/\/api.w.org\/{rel}","templated":true}]}}