{"id":63743,"date":"2023-12-30T11:00:00","date_gmt":"2023-12-30T17:00:00","guid":{"rendered":"http:\/\/www.zonaroja.com.mx\/?p=63743"},"modified":"2023-12-30T07:18:14","modified_gmt":"2023-12-30T13:18:14","slug":"huelguistas-de-notimex-levantan-huelga-y-campamento-tras-46-meses-de-conflicto","status":"publish","type":"post","link":"https:\/\/zonaroja.com.mx\/?p=63743","title":{"rendered":"Huelguistas de Notimex levantan huelga y campamento, tras 46 meses de conflicto"},"content":{"rendered":"\n<p>Redacci\u00f3n\/Zona Roja Cdmx.<\/p>\n\n\n\n<p>Ciudad de M\u00e9xico, a 30 de diciembre de 2023.- En un acto estremecedor a las 16:40 de este 29 de diciembre, trabajadores y trabajadoras de la extinta Notimex desprendieron las banderas de huelga, tras mil 408 d\u00edas de lucha por sus derechos laborales, \u00absin derrota\u00bb pero bajo protesta, dijo Adriana Urrea Torres.<\/p>\n\n\n\n<p>Paralelamente se levantaron los 3 campamentos donde sostuvieron el movimiento con el apoyo de numerosas organizaciones, pero sostenida jur\u00eddicamente por el Sindicato de Trabajadores Telefonistas de la Rep\u00fablica Mexicana, desde donde se llev\u00f3 a t\u00e9rmino la negociaci\u00f3n, los acuerdos y la liquidaci\u00f3n.<\/p>\n\n\n\n<p>Adriana Urrea, la dirigente que encabez\u00f3 una de las huelgas de mayor duraci\u00f3n en la historia obrera de M\u00e9xico, anunci\u00f3 -con voz entrecortada- que al menos 100 trabajadores y trabajadoras fueron liquidados la ma\u00f1ana del viernes de acuerdo con la ley, \u201cesa fue la condici\u00f3n para levantar la huelga\u201d.<\/p>\n\n\n\n<p>Enseguida anunci\u00f3 que el Sindicato \u00danico de Trabajadores de Notimex (Sutnotimex) no desaparece, sino se transforma en un sindicato de industria \u201cpara la defensa de las y los trabajadores de los medios de comunicaci\u00f3n\u201d.<\/p>\n\n\n\n<p>Tambi\u00e9n inform\u00f3 que las y los huelguistas ahora liquidados de acuerdo a su Contrato Colectivo y los derechos individuales, lanzar\u00e1n una nueva empresa period\u00edstica para hacer visibles las luchas obreras y las de las mujeres que podr\u00eda ser una cooperativa.<\/p>\n\n\n\n<p>Dijo que las trabajadoras, 80 por ciento quienes sostuvieron el movimiento, ya hablaron con las dos precandidatas a la Presidencia de la Rep\u00fablica para exigirles que el pr\u00f3ximo gobierno enderece la pol\u00edtica laboral del pa\u00eds, puesto que el ejemplo de lo sucedido en Notimex es uno entre cientos donde las y los trabajadores son ilegalmente tratados.<\/p>\n\n\n\n<p>Habl\u00f3 a decenas de periodistas que estuvieron en el campamento desde las 13 horas y en presencia de sindicatos, l\u00edderes sociales y partidos pol\u00edticos que apoyaron la huelga, que \u201cse baj\u00f3 el tel\u00f3n\u201d de una de las empresas aut\u00f3nomas del Estado, con el pretexto de que en el sindicato hab\u00eda corrupci\u00f3n, pero que hasta ahora nada se ha probado y, en cambio, \u201cviolaron nuestros derechos laborales, nuestros derechos humanos y fuimos perseguidos, amenazados\u201d.<\/p>\n\n\n\n<p>Emocionada, pero firme, agreg\u00f3:<\/p>\n\n\n\n<p>\u201cPerdimos 3 a\u00f1os 10 meses de salario, seguridad, algunas vidas por falta de atenci\u00f3n m\u00e9dica, pero no nuestra dignidad\u201d.<\/p>\n\n\n\n<p>Afirm\u00f3 que desaparecer por decreto, por encima de la ley, a Notimex es resultado del p\u00e9simo desempe\u00f1o de San Juana Mart\u00ednez Montemayor, una periodista directora que desde 2020 viol\u00f3 el contrato, \u201cque gast\u00f3 el presupuesto de Notimex asignado por la C\u00e1mara de Diputados durante 2020,2021, 2022 y 2023, sin que la agencia haya trabajado y que no se explica, por lo que \u201cexigimos auditor\u00eda, justicia y que esto no quede en la impunidad\u201d.<\/p>\n\n\n\n<p>En conferencia de prensa, en el campamento de Baja California 200 de la colonia Roma, en medio de consignas y aplausos, Urrea Torres afirm\u00f3 que esta huelga es un hecho sin precedentes, cuya experiencia servir\u00e1 a las y los trabajadores de los medios, los profesionales m\u00e1s precarizados del pa\u00eds.<\/p>\n\n\n\n<p>Por ello al convertir a Sutnotimex en un sindicato de industria, en el ramo de la comunicaci\u00f3n y el periodismo, podr\u00e1 apoyar al gremio, pero no solamente, adelant\u00f3, a muchas personas trabajadoras campesinas, obreras en general, para trabajar por una nueva pol\u00edtica laboral.<\/p>\n\n\n\n<p>En el mismo sentido, la compa\u00f1\u00eda que pretenden levantar ser\u00e1 una empresa de comunicaci\u00f3n que haga visibles la problem\u00e1ticas de las y los trabajadores que est\u00e1n ocultas en la informaci\u00f3n cotidiana. \u00abHay muchos conflictos que no se ven, no se conocen\u00bb, dijo.<\/p>\n\n\n\n<p>Dijo tambi\u00e9n que la decisi\u00f3n del presidente Andr\u00e9s L\u00f3pez Obrador de cerrar la empresa del estado que 55 a\u00f1os inform\u00f3 al mundo sobre M\u00e9xico, fue una decisi\u00f3n que lesion\u00f3 al Estado, viol\u00f3 los derechos humanos de m\u00e1s de 300 trabajadores y trabajadoras y se fund\u00f3 en la mentira de que ah\u00ed hab\u00eda corrupci\u00f3n y mal desempe\u00f1o profesional. \u201cUna mentira\u201d.<\/p>\n\n\n\n<p>\u201cNada de eso se pudo probar y, en cambio, desde el principio se viol\u00f3 el derecho de huelga y sistem\u00e1ticamente se neg\u00f3 el di\u00e1logo y la negociaci\u00f3n\u201d.<\/p>\n\n\n\n<p>Rechaz\u00f3 completo el argumento que Notimex cumpli\u00f3 la misi\u00f3n por la que fue creada y que sea sustituida por la conferencia ma\u00f1anera, pues la labor de la paraestatal fue m\u00e1s all\u00e1 de la comunicaci\u00f3n oficial que ejerce el presidente y su equipo de comunicaci\u00f3n social todos los d\u00edas.<\/p>\n\n\n\n<p>(Informaci\u00f3n de Sara Lovera en \u201cEl Sol de M\u00e9xico\u201d)<\/p>\n","protected":false},"excerpt":{"rendered":"<p>Redacci\u00f3n\/Zona Roja Cdmx. Ciudad de M\u00e9xico, a 30 de diciembre de 2023.- En un acto&hellip;<\/p>\n","protected":false},"author":2,"featured_media":63744,"comment_status":"closed","ping_status":"open","sticky":false,"template":"","format":"standard","meta":{"_lmt_disableupdate":"","_lmt_disable":"","_jetpack_memberships_contains_paid_content":false,"footnotes":""},"categories":[109,46,51],"tags":[3428],"class_list":["post-63743","post","type-post","status-publish","format-standard","has-post-thumbnail","hentry","category-minuto-a-minuto","category-zona-blanca","category-zona-roja","tag-sutnotimex-notimex"],"jetpack_featured_media_url":"https:\/\/zonaroja.com.mx\/wp-content\/uploads\/2023\/12\/Levantan-huelga-Notimex.jpeg","jetpack_sharing_enabled":true,"_links":{"self":[{"href":"https:\/\/zonaroja.com.mx\/index.php?rest_route=\/wp\/v2\/posts\/63743","targetHints":{"allow":["GET"]}}],"collection":[{"href":"https:\/\/zonaroja.com.mx\/index.php?rest_route=\/wp\/v2\/posts"}],"about":[{"href":"https:\/\/zonaroja.com.mx\/index.php?rest_route=\/wp\/v2\/types\/post"}],"author":[{"embeddable":true,"href":"https:\/\/zonaroja.com.mx\/index.php?rest_route=\/wp\/v2\/users\/2"}],"replies":[{"embeddable":true,"href":"https:\/\/zonaroja.com.mx\/index.php?rest_route=%2Fwp%2Fv2%2Fcomments&post=63743"}],"version-history":[{"count":1,"href":"https:\/\/zonaroja.com.mx\/index.php?rest_route=\/wp\/v2\/posts\/63743\/revisions"}],"predecessor-version":[{"id":63745,"href":"https:\/\/zonaroja.com.mx\/index.php?rest_route=\/wp\/v2\/posts\/63743\/revisions\/63745"}],"wp:featuredmedia":[{"embeddable":true,"href":"https:\/\/zonaroja.com.mx\/index.php?rest_route=\/wp\/v2\/media\/63744"}],"wp:attachment":[{"href":"https:\/\/zonaroja.com.mx\/index.php?rest_route=%2Fwp%2Fv2%2Fmedia&parent=63743"}],"wp:term":[{"taxonomy":"category","embeddable":true,"href":"https:\/\/zonaroja.com.mx\/index.php?rest_route=%2Fwp%2Fv2%2Fcategories&post=63743"},{"taxonomy":"post_tag","embeddable":true,"href":"https:\/\/zonaroja.com.mx\/index.php?rest_route=%2Fwp%2Fv2%2Ftags&post=63743"}],"curies":[{"name":"wp","href":"https:\/\/api.w.org\/{rel}","templated":true}]}}