{"id":63748,"date":"2023-12-30T12:39:00","date_gmt":"2023-12-30T18:39:00","guid":{"rendered":"http:\/\/www.zonaroja.com.mx\/?p=63748"},"modified":"2023-12-30T07:46:44","modified_gmt":"2023-12-30T13:46:44","slug":"aprehende-fiscalia-de-oaxaca-a-presunto-pederasta-de-zimatlan","status":"publish","type":"post","link":"https:\/\/zonaroja.com.mx\/?p=63748","title":{"rendered":"Aprehende Fiscal\u00eda de Oaxaca a presunto pederasta de Zimatl\u00e1n"},"content":{"rendered":"\n<p>Redacci\u00f3n\/Zona Roja.&nbsp;<\/p>\n\n\n\n<p>Oaxaca de Ju\u00e1rez, Oax., a 30 de diciembre de 2023.-&nbsp;La importancia de la denuncia por parte de las v\u00edctimas y la actuaci\u00f3n expedita de la Fiscal\u00eda General del Estado de Oaxaca (FGEO), fue clave para la ejecuci\u00f3n de una orden de aprehensi\u00f3n por la cual fue detenido A. A. O., por el delito de Pederastia, cometido en la regi\u00f3n de los Valles Centrales.<\/p>\n\n\n\n<p>De acuerdo con el expediente penal del caso, los hechos ocurrieron en diferentes ocasiones entre el 28 de noviembre y el 1 de diciembre de 2023, en un domicilio ubicado en el Barrio San Jos\u00e9, perteneciente al municipio de Zimatl\u00e1n de \u00c1lvarez.<\/p>\n\n\n\n<p>En esas fechas, el agresor tuvo una conducta il\u00edcita que se configura en el delito de Pederastia, al agredir sexualmente a un adolescente de 13 a\u00f1os de edad (de quien su identidad est\u00e1 reservada por ley); quien decidi\u00f3 acudir ante el Ministerio P\u00fablico para denunciar estos actos.<\/p>\n\n\n\n<p>Cuando la Fiscal\u00eda de Oaxaca tuvo conocimiento, inici\u00f3 las investigaciones ministeriales que corrieron a cargo de la Comandancia Especializada en Atenci\u00f3n a V\u00edctimas por Raz\u00f3n de G\u00e9nero en Valles Centrales perteneciente a la Agencia Estatal de Investigaciones, que luego de obtener la orden de aprehensi\u00f3n, se enfocaron a las labores de b\u00fasqueda y localizaci\u00f3n las cuales permitieron dar con el paradero del imputado.<\/p>\n\n\n\n<p>Tras la detenci\u00f3n de A. A. O., este fue llevado al Instituto de Servicio Periciales para su certificaci\u00f3n m\u00e9dica y enseguida qued\u00f3 a disposici\u00f3n de la autoridad correspondiente que resolver\u00e1 su situaci\u00f3n jur\u00eddica en las pr\u00f3ximas horas.<\/p>\n\n\n\n<p>DETENIDO EN LA MIXTECA<\/p>\n\n\n\n<p>En otro caso, la Fiscal\u00eda General ejecut\u00f3 una orden de aprehensi\u00f3n y la detenci\u00f3n de G. L. S., imputado por el delito de Tentativa de Homicidio Calificado, cometido en la regi\u00f3n de la Mixteca, en agravio de una persona que fue v\u00edctima de una agresi\u00f3n armada.<\/p>\n\n\n\n<p>De acuerdo con lo asentado en el expediente penal del caso, el 31 de agosto de 2023, las v\u00edctimas -dos hombres identificados por las iniciales F. A. C. y R. R. H. R.- viajaban a bordo de un veh\u00edculo de motor en el que circulaban por calles de la colonia San Mateo, del municipio de Huajuapan de Le\u00f3n, cuando fueron interceptados por varias personas que dispararon en su contra.<\/p>\n\n\n\n<p>Luego de la agresi\u00f3n armada, F. A. C. result\u00f3 con lesiones, por lo que tom\u00f3 intervenci\u00f3n la Fiscal\u00eda General a trav\u00e9s de la Vicefiscal\u00eda Regional de la Mixteca, que inici\u00f3 las investigaciones correspondientes cuyo resultado hizo posible obtener una orden de aprehensi\u00f3n.<\/p>\n\n\n\n<p>La Agencia Estatal de Investigaciones (AEI) dio con el paradero del imputado, por lo que se realiz\u00f3 un despliegue policial en el que se dio cumplimiento al mandato judicial y G. L. S. fue detenido, para posteriormente ser puesto a disposici\u00f3n del Juez que atiende la causa que, luego de la audiencia de control de detenci\u00f3n, calific\u00f3 de legal de la detenci\u00f3n adem\u00e1s que comunic\u00f3 imputaci\u00f3n por el delito de Tentativa de homicidio Calificado con Ventaja.<\/p>\n","protected":false},"excerpt":{"rendered":"<p>Redacci\u00f3n\/Zona Roja.&nbsp; Oaxaca de Ju\u00e1rez, Oax., a 30 de diciembre de 2023.-&nbsp;La importancia de la&hellip;<\/p>\n","protected":false},"author":2,"featured_media":48872,"comment_status":"closed","ping_status":"open","sticky":false,"template":"","format":"standard","meta":{"_lmt_disableupdate":"","_lmt_disable":"","_jetpack_memberships_contains_paid_content":false,"footnotes":""},"categories":[109,46],"tags":[494],"class_list":["post-63748","post","type-post","status-publish","format-standard","has-post-thumbnail","hentry","category-minuto-a-minuto","category-zona-blanca","tag-fiscalia-general-del-estado-de-oaxaca"],"jetpack_featured_media_url":"https:\/\/zonaroja.com.mx\/wp-content\/uploads\/2022\/12\/Detenido-detencion-aprehension.jpg","jetpack_sharing_enabled":true,"_links":{"self":[{"href":"https:\/\/zonaroja.com.mx\/index.php?rest_route=\/wp\/v2\/posts\/63748","targetHints":{"allow":["GET"]}}],"collection":[{"href":"https:\/\/zonaroja.com.mx\/index.php?rest_route=\/wp\/v2\/posts"}],"about":[{"href":"https:\/\/zonaroja.com.mx\/index.php?rest_route=\/wp\/v2\/types\/post"}],"author":[{"embeddable":true,"href":"https:\/\/zonaroja.com.mx\/index.php?rest_route=\/wp\/v2\/users\/2"}],"replies":[{"embeddable":true,"href":"https:\/\/zonaroja.com.mx\/index.php?rest_route=%2Fwp%2Fv2%2Fcomments&post=63748"}],"version-history":[{"count":1,"href":"https:\/\/zonaroja.com.mx\/index.php?rest_route=\/wp\/v2\/posts\/63748\/revisions"}],"predecessor-version":[{"id":63749,"href":"https:\/\/zonaroja.com.mx\/index.php?rest_route=\/wp\/v2\/posts\/63748\/revisions\/63749"}],"wp:featuredmedia":[{"embeddable":true,"href":"https:\/\/zonaroja.com.mx\/index.php?rest_route=\/wp\/v2\/media\/48872"}],"wp:attachment":[{"href":"https:\/\/zonaroja.com.mx\/index.php?rest_route=%2Fwp%2Fv2%2Fmedia&parent=63748"}],"wp:term":[{"taxonomy":"category","embeddable":true,"href":"https:\/\/zonaroja.com.mx\/index.php?rest_route=%2Fwp%2Fv2%2Fcategories&post=63748"},{"taxonomy":"post_tag","embeddable":true,"href":"https:\/\/zonaroja.com.mx\/index.php?rest_route=%2Fwp%2Fv2%2Ftags&post=63748"}],"curies":[{"name":"wp","href":"https:\/\/api.w.org\/{rel}","templated":true}]}}