{"id":63755,"date":"2023-12-30T17:58:00","date_gmt":"2023-12-30T23:58:00","guid":{"rendered":"http:\/\/www.zonaroja.com.mx\/?p=63755"},"modified":"2023-12-30T08:03:18","modified_gmt":"2023-12-30T14:03:18","slug":"en-oaxaca-periodistas-leen-en-mayor-cantidad-que-la-media-nacional","status":"publish","type":"post","link":"https:\/\/zonaroja.com.mx\/?p=63755","title":{"rendered":"En Oaxaca,\u00a0periodistas leen en mayor cantidad que la media nacional"},"content":{"rendered":"\n<p>Redacci\u00f3n\/Zona Roja.<\/p>\n\n\n\n<p>Oaxaca de Ju\u00e1rez, Oax., a 30 de diciembre de 2023.- En Oaxaca,&nbsp;las y&nbsp;los periodistas leen en mayor cantidad que la media nacional. Y leen por puro gusto o placer. Por ejemplo: fuera de su trabajo period\u00edstico, el 48% lee diariamente; el 43.2% lee varias veces a la semana; el 5.4% una vez a la semana, al igual que otro 5.4% que lee menos de&nbsp;una&nbsp;vez a la semana.<\/p>\n\n\n\n<p>Estos son los resultados de la&nbsp;Primera Encuesta sobre H\u00e1bitos de Lectura para Periodistas de Oaxaca&nbsp;que se levant\u00f3 del 9 al 26 de diciembre de 2023 y en donde participaron 37 personas, dada a conocer este mi\u00e9rcoles por&nbsp;representantes&nbsp;del&nbsp;Conversatorio de Periodismo&nbsp;2023y la soci\u00f3loga&nbsp;Mar\u00eda Cristina Salazar Acevedo.<\/p>\n\n\n\n<p>As\u00ed, durante el \u00faltimo a\u00f1o, 7 personas leyeron entre 10 y 19 libros, 5 personas 4 y 2 libros; 4 personas leyeron 3 libros; 3 personas leyeron 5 libros; 2 personas leyeron 0, 1, 6, entre 30 y 39 y entre 40 y 49 libros; 1 persona ley\u00f3 8 libros, otra entre 20 y 29 libros y una m\u00e1s alrededor de 50.<\/p>\n\n\n\n<p>El promedio de&nbsp;libros&nbsp;que leyeron las personas encuestadas fue de 10.6 libros en el a\u00f1o, lo que supera con mucho el promedio de libros le\u00eddos en el pa\u00eds&nbsp;reportados por&nbsp;el INEGI para febrero de 2023 y que es de 3.4 libros en el a\u00f1o.<\/p>\n\n\n\n<p>Poco m\u00e1s del 50% (59.5%) de periodistas encuestados, se\u00f1ala que los libros no fueron le\u00eddos por obligaci\u00f3n sino por gusto.<\/p>\n\n\n\n<p>El 56.8% prefiere el formato impreso y el 43.2% tanto el formato impreso como el digital.<\/p>\n\n\n\n<p>El motivo principal por el que leen es por entretenimiento (62.2%), seguido por actualizaci\u00f3n profesional (59.5%), informaci\u00f3n (59.5%), desarrollo personal (45.9%), placer (2.7%) y porque les gusta (2.7%).<\/p>\n\n\n\n<p>Los g\u00e9neros literarios que m\u00e1s les gusta leer son: narrativa (novela y cuento) (89.2%), ensayo (51.4%), poes\u00eda (43.2%), ciencia ficci\u00f3n (37.8%), teatro y c\u00f3mic en igual proporci\u00f3n (5.4% en cada uno).<\/p>\n\n\n\n<p>Por otro lado, con una proporci\u00f3n id\u00e9ntica (2.7% en cada uno) se encuentran la ficci\u00f3n pol\u00edtica, historia-etnograf\u00eda-sociolog\u00eda-arqueolog\u00eda-indigenismo y afines, literatura y an\u00e1lisis de temas, pol\u00edtica y religi\u00f3n, libros sobre feminismo y biograf\u00edas.<\/p>\n\n\n\n<p>LECTURA Y PERIODISMO<\/p>\n\n\n\n<p>La soci\u00f3loga&nbsp;Mar\u00eda Cristina&nbsp;Salazar Acevedo,&nbsp;quien ha sido consultora del Fondo de Naciones Unidas para la Infancia (UNICEF) en&nbsp;M\u00e9xico,&nbsp;dijo que para mantenerseinformados o&nbsp;informadas sobre eventos actuales, las personas encuestadas prefieren leer noticias en l\u00ednea (sitios web y portales de noticias) en un 51.5%; redes sociales (un 29.7%); podcasts y programas de radio en un 5.4% y con igual porcentaje, 2.7%, noticias en formato impreso (peri\u00f3dicos y revistas), columnas period\u00edsticas y todas las anteriores dependiendo de la ocasi\u00f3n.<\/p>\n\n\n\n<p>Tambi\u00e9n el 70.3% lee publicaciones especializadas o investigaciones acad\u00e9micas relacionadas con el periodismo; el 27% solo lo hace algunas veces y el 2.7% no suele realizarlo.<\/p>\n\n\n\n<p>Sin embargo, las causas por las cuales&nbsp;las personas dedicadas al periodismo&nbsp;&nbsp;consideran que tienen dificultades para leer son la falta de tiempo (64.9%), la fatiga visual (24.3%), el acceso limitado a materiales de lectura (13.5%), falta de recursos econ\u00f3micos (8.1% y 2.7%= 10.8%);&nbsp;mencionando el 13.5% que no tiene ninguna dificultad.<\/p>\n\n\n\n<p>El g\u00e9nero period\u00edstico&nbsp;que&nbsp;prefieren escribir es el reportaje (35.1%), seguido de la noticia (27%), la cr\u00f3nica y la columna el 13.5%, la entrevista con el 8.1% y el art\u00edculo con el 2.7%.<\/p>\n\n\n\n<p>Pero tambi\u00e9n, el 67.6% considera que su trabajo como periodista no afecta su tiempo para leer por placer o inter\u00e9s personal; el 24.3% que afecta en cierta medida y el 8.1% considera que s\u00ed afecta.<\/p>\n\n\n\n<p>Luego de se\u00f1alar que un 86.5% de las personas que respondieron se dedica a los medios digitales, un 24.3% a los medios impresos, igualmente que un 24.3% a los radiof\u00f3nicos y un 8.1% a los televisivos, Salazar Acevedo reconoci\u00f3 que la encuesta podr\u00eda tener un margen de error de 1 al 3 por ciento.<\/p>\n\n\n\n<p>Finalmente, anim\u00f3 a las personas dedicadas a esta noble labor, a continuar leyendo para mejorar su pr\u00e1ctica period\u00edstica.&nbsp;<\/p>\n","protected":false},"excerpt":{"rendered":"<p>Redacci\u00f3n\/Zona Roja. Oaxaca de Ju\u00e1rez, Oax., a 30 de diciembre de 2023.- En Oaxaca,&nbsp;las y&nbsp;los&hellip;<\/p>\n","protected":false},"author":2,"featured_media":55721,"comment_status":"closed","ping_status":"open","sticky":false,"template":"","format":"standard","meta":{"_lmt_disableupdate":"","_lmt_disable":"","_jetpack_memberships_contains_paid_content":false,"footnotes":""},"categories":[109,46],"tags":[],"class_list":["post-63755","post","type-post","status-publish","format-standard","has-post-thumbnail","hentry","category-minuto-a-minuto","category-zona-blanca"],"jetpack_featured_media_url":"https:\/\/zonaroja.com.mx\/wp-content\/uploads\/2023\/05\/Prensa-periodistas-periodismo-medios.jpg","jetpack_sharing_enabled":true,"_links":{"self":[{"href":"https:\/\/zonaroja.com.mx\/index.php?rest_route=\/wp\/v2\/posts\/63755","targetHints":{"allow":["GET"]}}],"collection":[{"href":"https:\/\/zonaroja.com.mx\/index.php?rest_route=\/wp\/v2\/posts"}],"about":[{"href":"https:\/\/zonaroja.com.mx\/index.php?rest_route=\/wp\/v2\/types\/post"}],"author":[{"embeddable":true,"href":"https:\/\/zonaroja.com.mx\/index.php?rest_route=\/wp\/v2\/users\/2"}],"replies":[{"embeddable":true,"href":"https:\/\/zonaroja.com.mx\/index.php?rest_route=%2Fwp%2Fv2%2Fcomments&post=63755"}],"version-history":[{"count":1,"href":"https:\/\/zonaroja.com.mx\/index.php?rest_route=\/wp\/v2\/posts\/63755\/revisions"}],"predecessor-version":[{"id":63756,"href":"https:\/\/zonaroja.com.mx\/index.php?rest_route=\/wp\/v2\/posts\/63755\/revisions\/63756"}],"wp:featuredmedia":[{"embeddable":true,"href":"https:\/\/zonaroja.com.mx\/index.php?rest_route=\/wp\/v2\/media\/55721"}],"wp:attachment":[{"href":"https:\/\/zonaroja.com.mx\/index.php?rest_route=%2Fwp%2Fv2%2Fmedia&parent=63755"}],"wp:term":[{"taxonomy":"category","embeddable":true,"href":"https:\/\/zonaroja.com.mx\/index.php?rest_route=%2Fwp%2Fv2%2Fcategories&post=63755"},{"taxonomy":"post_tag","embeddable":true,"href":"https:\/\/zonaroja.com.mx\/index.php?rest_route=%2Fwp%2Fv2%2Ftags&post=63755"}],"curies":[{"name":"wp","href":"https:\/\/api.w.org\/{rel}","templated":true}]}}