{"id":63757,"date":"2023-12-30T17:09:03","date_gmt":"2023-12-30T23:09:03","guid":{"rendered":"http:\/\/www.zonaroja.com.mx\/?p=63757"},"modified":"2023-12-30T17:09:06","modified_gmt":"2023-12-30T23:09:06","slug":"ataque-armado-a-julion-alvarez-deja-tres-muertos-artista-ileso","status":"publish","type":"post","link":"https:\/\/zonaroja.com.mx\/?p=63757","title":{"rendered":"Ataque armado a Juli\u00f3n \u00c1lvarez deja tres muertos; artista, ileso"},"content":{"rendered":"\n<p>Redacci\u00f3n\/Zona Roja Cdmx.<\/p>\n\n\n\n<p>Ciudad de M\u00e9xico, a 30 de diciembre de 2023.- El enfrentamiento entre sicarios y autoridades en donde qued\u00f3 atrapado el cantante Juli\u00f3n \u00c1lvarez dej\u00f3 tres personas muertas, as\u00ed como un elemento de la Polic\u00eda Estatal lesionado, inform\u00f3 la Fiscal\u00eda General del estado de Chiapas.<\/p>\n\n\n\n<p>En un comunicado, la FGE precis\u00f3 que ya abri\u00f3 una carpeta de investigaci\u00f3n por estos hechos ocurridos en la noche del viernes 29 de diciembre en el tramo carretero de La Trilla-Benito Ju\u00e1rez, perteneciente al municipio de La Concordia.<\/p>\n\n\n\n<p>La Fiscal\u00eda de Distrito Fraylesca detall\u00f3 que tras ser notificados sobre la agresi\u00f3n de un grupo de personas armadas a elementos de la Base de Operaciones Mixtas desplegados en lugar antes mencionado, polic\u00edas de investigaci\u00f3n de la Fiscal\u00eda estatal se trasladaron al sitio.<\/p>\n\n\n\n<p>\u201cEn el lugar de los hechos fueron encontrados los cuerpos sin vida de Amin \u201cN\u201d de 50 a\u00f1os de edad; Jorge \u201cN\u201d, de 35 a\u00f1os; y un hombre no identificado; en tanto que un elemento de la Polic\u00eda Estatal Preventiva result\u00f3 lesionado por arma de fuego, siendo trasladado a un nosocomio para su atenci\u00f3n\u201d, precis\u00f3 la FGE.<\/p>\n\n\n\n<p>El Ministerio P\u00fablico estatal asegur\u00f3 que \u201ccon apego a los protocolos correspondientes\u201d fue asegurado el per\u00edmetro del lugar del enfrentamiento, as\u00ed como los indicios del delito.<\/p>\n\n\n\n<p>De acuerdo con la Fiscal\u00eda estatal, en el lugar se encontraron veh\u00edculos, diversas armas de fuego de uso exclusivo del ej\u00e9rcito, m\u00faltiples cargadores abastecidos, chalecos t\u00e1cticos y chips de telefon\u00eda celular, los cuales ser\u00e1n puestos a disposici\u00f3n de la Fiscal\u00eda General de la Republica (FGR). El organismo aut\u00f3nomo no detall\u00f3 el n\u00famero de los indicios encontrados.<\/p>\n\n\n\n<p>Durante la noche del 29 y madrugada 30 de diciembre, en redes sociales comenzaron a circular diferentes versiones sobre un supuesto atentado en contra el cantante y su familia.&nbsp;<\/p>\n\n\n\n<p>Ante la falta de informaci\u00f3n de las autoridades estatales y federales, fue el propio equipo del artista quien tuvo que salir a desmentir estos rumores a trav\u00e9s de los canales oficiales.<\/p>\n\n\n\n<p>\u201cEstimados medios de comunicaci\u00f3n y p\u00fablico en general: A trav\u00e9s de la presente queremos informarles que Juli\u00f3n \u00c1lvarez y su familia se encuentran bien. Reiteramos que Juli\u00f3n \u00c1lvarez y su familia se encuentran bien, fuera de cualquier tipo de altercado\u201d, se\u00f1al\u00f3 el comunicado compartido en redes sociales del cantante.<\/p>\n\n\n\n<p>El equipo de comunicaci\u00f3n aclar\u00f3 que \u201cJuli\u00f3n \u00c1lvarez iba transitando por la carretera cuando dos grupos delictivos estaban en una disputa entre ellos, por lo que el cantante no tiene nada que ver con los involucrados en dicha pelea\u201d.<\/p>\n\n\n\n<p>Esta no es la primera vez en que Juli\u00f3n \u00c1lvarez se vincula con atentados grupos criminales, pues en 2022, surgieron informes sobre una balacera en la que se afirmaba que el cantante estaba presente y que constitu\u00eda un posible atentado en su contra. No obstante, \u00c1lvarez desminti\u00f3 esta informaci\u00f3n mediante un video compartido entre sus seguidores.<\/p>\n","protected":false},"excerpt":{"rendered":"<p>Redacci\u00f3n\/Zona Roja Cdmx. Ciudad de M\u00e9xico, a 30 de diciembre de 2023.- El enfrentamiento entre&hellip;<\/p>\n","protected":false},"author":2,"featured_media":63758,"comment_status":"closed","ping_status":"open","sticky":false,"template":"","format":"standard","meta":{"_lmt_disableupdate":"","_lmt_disable":"","_jetpack_memberships_contains_paid_content":false,"footnotes":""},"categories":[109,51],"tags":[],"class_list":["post-63757","post","type-post","status-publish","format-standard","has-post-thumbnail","hentry","category-minuto-a-minuto","category-zona-roja"],"jetpack_featured_media_url":"https:\/\/zonaroja.com.mx\/wp-content\/uploads\/2023\/12\/Ataque-armado-Chiapas-Julion.webp","jetpack_sharing_enabled":true,"_links":{"self":[{"href":"https:\/\/zonaroja.com.mx\/index.php?rest_route=\/wp\/v2\/posts\/63757","targetHints":{"allow":["GET"]}}],"collection":[{"href":"https:\/\/zonaroja.com.mx\/index.php?rest_route=\/wp\/v2\/posts"}],"about":[{"href":"https:\/\/zonaroja.com.mx\/index.php?rest_route=\/wp\/v2\/types\/post"}],"author":[{"embeddable":true,"href":"https:\/\/zonaroja.com.mx\/index.php?rest_route=\/wp\/v2\/users\/2"}],"replies":[{"embeddable":true,"href":"https:\/\/zonaroja.com.mx\/index.php?rest_route=%2Fwp%2Fv2%2Fcomments&post=63757"}],"version-history":[{"count":1,"href":"https:\/\/zonaroja.com.mx\/index.php?rest_route=\/wp\/v2\/posts\/63757\/revisions"}],"predecessor-version":[{"id":63759,"href":"https:\/\/zonaroja.com.mx\/index.php?rest_route=\/wp\/v2\/posts\/63757\/revisions\/63759"}],"wp:featuredmedia":[{"embeddable":true,"href":"https:\/\/zonaroja.com.mx\/index.php?rest_route=\/wp\/v2\/media\/63758"}],"wp:attachment":[{"href":"https:\/\/zonaroja.com.mx\/index.php?rest_route=%2Fwp%2Fv2%2Fmedia&parent=63757"}],"wp:term":[{"taxonomy":"category","embeddable":true,"href":"https:\/\/zonaroja.com.mx\/index.php?rest_route=%2Fwp%2Fv2%2Fcategories&post=63757"},{"taxonomy":"post_tag","embeddable":true,"href":"https:\/\/zonaroja.com.mx\/index.php?rest_route=%2Fwp%2Fv2%2Ftags&post=63757"}],"curies":[{"name":"wp","href":"https:\/\/api.w.org\/{rel}","templated":true}]}}