{"id":63762,"date":"2023-12-31T08:52:00","date_gmt":"2023-12-31T14:52:00","guid":{"rendered":"http:\/\/www.zonaroja.com.mx\/?p=63762"},"modified":"2023-12-31T06:29:27","modified_gmt":"2023-12-31T12:29:27","slug":"en-veracruz-rescatan-a-menores-de-un-incendio-trataban-de-cocinar-un-gato","status":"publish","type":"post","link":"https:\/\/zonaroja.com.mx\/?p=63762","title":{"rendered":"En Veracruz, rescatan a menores de un incendio; trataban de cocinar un gato"},"content":{"rendered":"\n<p>Redacci\u00f3n\/Zona Roja Cdmx.<\/p>\n\n\n\n<p>Ciudad de M\u00e9xico, a 31 de diciembre de 2023.- Autoridades de Medell\u00edn de Bravo, Veracruz, informaron sobre el rescate de dos menores de edad que se encontraban al interior de una casa en donde se report\u00f3 un conato de incendio luego de que los ni\u00f1os intentaban cocinar el cad\u00e1ver de un gato para saciar su hambre, ya que llevaban cuatro d\u00edas solos y no ten\u00edan comidas.<\/p>\n\n\n\n<p>Al parecer, los menores estaban solos en el domicilio desde el pasado 24 de diciembre y con poco alimento.<\/p>\n\n\n\n<p>Polic\u00edas forzaron la entrada luego de que los vecinos reportaron que sal\u00eda humo del inmueble, por lo que se iniciaron los protocolos por un posible incendio.<\/p>\n\n\n\n<p>Luego de ser rescatados, los elementos de emergencia entregaron a los menores con personal del DIF para su cuidado en lo que se realizan las investigaciones correspondientes.<\/p>\n\n\n\n<p>Los vecinos comentaron a medios locales que los menores ped\u00edan comida a trav\u00e9s de una de las ventanas de la vivienda, por lo que les pasaban agua y alimentos; sin embargo, mencionaron que no conoc\u00edan a los padres, adem\u00e1s de que en varias ocasiones ped\u00edan que los ayudaran a salir de ah\u00ed.<\/p>\n\n\n\n<p>En el reporte se detall\u00f3 que los ni\u00f1os presentaban golpes en el cuerpo, as\u00ed como se confirm\u00f3 la localizaci\u00f3n de la madre y el padrastro, quienes tendr\u00e1n que responder a los protocolos que marca la ley.<\/p>\n\n\n\n<p>(Informaci\u00f3n de \u201cExc\u00e9lsior\u201d)<\/p>\n","protected":false},"excerpt":{"rendered":"<p>Redacci\u00f3n\/Zona Roja Cdmx. Ciudad de M\u00e9xico, a 31 de diciembre de 2023.- Autoridades de Medell\u00edn&hellip;<\/p>\n","protected":false},"author":2,"featured_media":63763,"comment_status":"closed","ping_status":"open","sticky":false,"template":"","format":"standard","meta":{"_lmt_disableupdate":"","_lmt_disable":"","_jetpack_memberships_contains_paid_content":false,"footnotes":""},"categories":[109,47],"tags":[99],"class_list":["post-63762","post","type-post","status-publish","format-standard","has-post-thumbnail","hentry","category-minuto-a-minuto","category-zona-gris","tag-veracruz"],"jetpack_featured_media_url":"https:\/\/zonaroja.com.mx\/wp-content\/uploads\/2023\/12\/ninos-incendio-veracruz-gato.jpg","jetpack_sharing_enabled":true,"_links":{"self":[{"href":"https:\/\/zonaroja.com.mx\/index.php?rest_route=\/wp\/v2\/posts\/63762","targetHints":{"allow":["GET"]}}],"collection":[{"href":"https:\/\/zonaroja.com.mx\/index.php?rest_route=\/wp\/v2\/posts"}],"about":[{"href":"https:\/\/zonaroja.com.mx\/index.php?rest_route=\/wp\/v2\/types\/post"}],"author":[{"embeddable":true,"href":"https:\/\/zonaroja.com.mx\/index.php?rest_route=\/wp\/v2\/users\/2"}],"replies":[{"embeddable":true,"href":"https:\/\/zonaroja.com.mx\/index.php?rest_route=%2Fwp%2Fv2%2Fcomments&post=63762"}],"version-history":[{"count":1,"href":"https:\/\/zonaroja.com.mx\/index.php?rest_route=\/wp\/v2\/posts\/63762\/revisions"}],"predecessor-version":[{"id":63764,"href":"https:\/\/zonaroja.com.mx\/index.php?rest_route=\/wp\/v2\/posts\/63762\/revisions\/63764"}],"wp:featuredmedia":[{"embeddable":true,"href":"https:\/\/zonaroja.com.mx\/index.php?rest_route=\/wp\/v2\/media\/63763"}],"wp:attachment":[{"href":"https:\/\/zonaroja.com.mx\/index.php?rest_route=%2Fwp%2Fv2%2Fmedia&parent=63762"}],"wp:term":[{"taxonomy":"category","embeddable":true,"href":"https:\/\/zonaroja.com.mx\/index.php?rest_route=%2Fwp%2Fv2%2Fcategories&post=63762"},{"taxonomy":"post_tag","embeddable":true,"href":"https:\/\/zonaroja.com.mx\/index.php?rest_route=%2Fwp%2Fv2%2Ftags&post=63762"}],"curies":[{"name":"wp","href":"https:\/\/api.w.org\/{rel}","templated":true}]}}