{"id":63774,"date":"2023-12-31T07:20:42","date_gmt":"2023-12-31T13:20:42","guid":{"rendered":"http:\/\/www.zonaroja.com.mx\/?p=63774"},"modified":"2023-12-31T07:20:43","modified_gmt":"2023-12-31T13:20:43","slug":"disminuye-numero-pero-sigue-caravana-de-migrantes-hacia-eu","status":"publish","type":"post","link":"https:\/\/zonaroja.com.mx\/?p=63774","title":{"rendered":"Disminuye n\u00famero, pero sigue caravana de migrantes hacia EU"},"content":{"rendered":"\n<p>Redacci\u00f3n\/Zona Roja Cdmx.<\/p>\n\n\n\n<p>Ciudad de M\u00e9xico, a 31 de diciembre de 2023.-&nbsp;Unos 2 mil migrantes abandonaron o desistieron de seguir caminando con la caravana que parti\u00f3 de la frontera sur de M\u00e9xico como la m\u00e1s numerosa del a\u00f1o, y han tomado la decisi\u00f3n de irse solos, o han sido asegurados por autoridades migratorias al tratar de cruzar M\u00e9xico.<\/p>\n\n\n\n<p>En este contingente que permanece en Mapastepec, hay cerca de 4 mil enlistados, m\u00e1s los que se han estado sumando para caminar a Pijijiapan la madrugada de este domingo.<\/p>\n\n\n\n<p>Este s\u00e1bado los migrantes solicitaron al titular del Instituto Nacional de Migraci\u00f3n (INM), Francisco Gardu\u00f1o Y\u00e1\u00f1ez, atender a todos los grupos familiares que se mantienen en el deportivo Santa Cruz de esta localidad.<\/p>\n\n\n\n<p>Luis Rey Garc\u00eda Villagr\u00e1n, director del Centro de Dignificaci\u00f3n Humana (CDH), asegur\u00f3 que ninguno de los integrantes de este \u00e9xodo regresar\u00e1 a Tapachula, por lo que este s\u00e1bado realizaron una petici\u00f3n por escrito para ser entregada a la estaci\u00f3n migratoria siglo 21 y puedan ser procesados en la Ciudad de M\u00e9xico.<\/p>\n\n\n\n<p>\u201cLa condicionante de nosotros que nos procesaran a partir del paralelo 19, vamos a seguir ac\u00e1, el paralelo 19 para ser m\u00e1s claro, es la Ciudad de M\u00e9xico, as\u00ed, o de otra manera tomar\u00edamos una negativa y seguir\u00edamos caminando\u201d, dijo.<\/p>\n\n\n\n<p>Explic\u00f3 que hasta ahora desconoce qu\u00e9 documento vayan a dar, pero advirti\u00f3 que tiene que ser un documento v\u00e1lido por un a\u00f1o, \u201cesa es la condicionante de nosotros\u201d.<\/p>\n\n\n\n<p>Jonathan, un migrante de Nicaragua, se\u00f1al\u00f3 que busca regularizar su estancia en M\u00e9xico, para poder trabajar y darle bienestar a su familia, ya que huy\u00f3 de la dictadura de su pa\u00eds.<\/p>\n\n\n\n<p>\u201cQue nos ayuden para que nos den un documento para poder trabajar en M\u00e9xico, porque la gente no da trabajo\u201d, refiri\u00f3.<\/p>\n\n\n\n<p>Asegur\u00f3 que la caravana no la van a poder frenar \u201cporque vamos con la ayuda del se\u00f1or, en dado caso de que no tengamos respuesta vamos a salir caminando\u201d.<\/p>\n\n\n\n<p>Otra de las familias que se mantiene es la de Noem\u00ed Er\u00e1stegui, quien viaja con 6 ni\u00f1os y su esposo provenientes de Venezuela, a quienes se les termin\u00f3 el dinero, los alimentos y se encuentran deshidratados, luego de haber caminado m\u00e1s de 100 kil\u00f3metros.<\/p>\n\n\n\n<p>\u201cMuchos tienen c\u00f3mo alimentarse y nosotros no. Hemos querido avanzar pero tenemos miedo que nos agarren y nos devuelvan hacia abajo (a su pa\u00eds), porque es en vano el esfuerzo que hemos hecho\u201d, lament\u00f3.<\/p>\n\n\n\n<p>Este grupo familiar, est\u00e1 esperando a otro compatriota que fue asegurado por el Instituto Nacional de Migraci\u00f3n (INM) que fue llevado a Tapachula, para que se reincorpore a su grupo y puedan seguir su traves\u00eda por Chiapas a Ciudad de M\u00e9xico.<\/p>\n\n\n\n<p>Brenda Gonz\u00e1lez, responsable del \u00e1rea de salud de la organizaci\u00f3n Madre Tierra M\u00e9xico, indic\u00f3 que est\u00e1n brindando consultas m\u00e9dicas, medicamentos, puestos de hidrataci\u00f3n y curaci\u00f3n de heridas a los migrantes por los grandes tramos que caminan.<\/p>\n\n\n\n<p>La caravana del \u00e9xodo de la pobreza, saldr\u00e1 este domingo por la madrugada a Pijijiapan ubicada unos 45 kil\u00f3metros como siguiente destino.<\/p>\n\n\n\n<p>(Con informaci\u00f3n de EFE, en L\u00f3pez-D\u00f3riga Digital)<\/p>\n","protected":false},"excerpt":{"rendered":"<p>Redacci\u00f3n\/Zona Roja Cdmx. Ciudad de M\u00e9xico, a 31 de diciembre de 2023.-&nbsp;Unos 2 mil migrantes&hellip;<\/p>\n","protected":false},"author":2,"featured_media":63777,"comment_status":"closed","ping_status":"open","sticky":false,"template":"","format":"standard","meta":{"_lmt_disableupdate":"","_lmt_disable":"","_jetpack_memberships_contains_paid_content":false,"footnotes":""},"categories":[109,47],"tags":[207],"class_list":["post-63774","post","type-post","status-publish","format-standard","has-post-thumbnail","hentry","category-minuto-a-minuto","category-zona-gris","tag-migrantes-centroamericanos"],"jetpack_featured_media_url":"https:\/\/zonaroja.com.mx\/wp-content\/uploads\/2023\/12\/Migrantes-centroamericanos-2.jpeg","jetpack_sharing_enabled":true,"_links":{"self":[{"href":"https:\/\/zonaroja.com.mx\/index.php?rest_route=\/wp\/v2\/posts\/63774","targetHints":{"allow":["GET"]}}],"collection":[{"href":"https:\/\/zonaroja.com.mx\/index.php?rest_route=\/wp\/v2\/posts"}],"about":[{"href":"https:\/\/zonaroja.com.mx\/index.php?rest_route=\/wp\/v2\/types\/post"}],"author":[{"embeddable":true,"href":"https:\/\/zonaroja.com.mx\/index.php?rest_route=\/wp\/v2\/users\/2"}],"replies":[{"embeddable":true,"href":"https:\/\/zonaroja.com.mx\/index.php?rest_route=%2Fwp%2Fv2%2Fcomments&post=63774"}],"version-history":[{"count":1,"href":"https:\/\/zonaroja.com.mx\/index.php?rest_route=\/wp\/v2\/posts\/63774\/revisions"}],"predecessor-version":[{"id":63778,"href":"https:\/\/zonaroja.com.mx\/index.php?rest_route=\/wp\/v2\/posts\/63774\/revisions\/63778"}],"wp:featuredmedia":[{"embeddable":true,"href":"https:\/\/zonaroja.com.mx\/index.php?rest_route=\/wp\/v2\/media\/63777"}],"wp:attachment":[{"href":"https:\/\/zonaroja.com.mx\/index.php?rest_route=%2Fwp%2Fv2%2Fmedia&parent=63774"}],"wp:term":[{"taxonomy":"category","embeddable":true,"href":"https:\/\/zonaroja.com.mx\/index.php?rest_route=%2Fwp%2Fv2%2Fcategories&post=63774"},{"taxonomy":"post_tag","embeddable":true,"href":"https:\/\/zonaroja.com.mx\/index.php?rest_route=%2Fwp%2Fv2%2Ftags&post=63774"}],"curies":[{"name":"wp","href":"https:\/\/api.w.org\/{rel}","templated":true}]}}