{"id":63786,"date":"2023-12-31T18:10:37","date_gmt":"2024-01-01T00:10:37","guid":{"rendered":"http:\/\/www.zonaroja.com.mx\/?p=63786"},"modified":"2023-12-31T18:10:39","modified_gmt":"2024-01-01T00:10:39","slug":"terminan-triquis-el-ano-con-acusaciones-y-asesinatos-hoy-uno-en-juxtlahuaca","status":"publish","type":"post","link":"https:\/\/zonaroja.com.mx\/?p=63786","title":{"rendered":"Terminan triquis el a\u00f1o con acusaciones y asesinatos; hoy uno en Juxtlahuaca"},"content":{"rendered":"\n<p>Ismael Garc\u00eda M\/Zona Roja.<\/p>\n\n\n\n<p>Oaxaca de Ju\u00e1rez, Oax., a 31 de diciembre de 2023.- Como ocurri\u00f3 durante todo el a\u00f1o, con violencia y acusaciones mutuas terminaron este 2023 las organizaciones sociales de la etnia Triqui de Oaxaca.<\/p>\n\n\n\n<p>Este domingo, el Movimiento de Unificaci\u00f3n y Lucha Triqui Independiente (MULTI), denunci\u00f3 el asesinato de uno de sus militantes, en el centro de Santiago Juxtlahuaca, municipio de la regi\u00f3n Mixteca del estado.<\/p>\n\n\n\n<p>A trav\u00e9s de sus redes sociales, inform\u00f3 que el crimen se perpetro alrededor de las 15:00 horas; la v\u00edctima la identific\u00f3 como Antonio L\u00f3pez Mart\u00ednez, originario de la localidad de Tierra Blanca, y responsabiliz\u00f3 de ello al MULT.<\/p>\n\n\n\n<p>\u201cEsto a pesar de contar con medidas cautelares de la CIDH. Exigimos al gobierno federal y estatal poner un alto a los embates de estos caciques y a sus paramilitares, no puede ser posible tanta impunidad\u201d, difundi\u00f3.<\/p>\n\n\n\n<p>Apenas el pasado 3 de diciembre, el Movimiento de Unificaci\u00f3n y Lucha Triqui (MULT) denunci\u00f3 el asesinato de uno de sus militantes, Mario Reyes Ram\u00edrez, y lesionado Reynaldo Ram\u00edrez Cruz, en inmediaciones de Yosoyuxi Copala, de lo cual culp\u00f3 a sus contrincantes del MULTI.<\/p>\n\n\n\n<p>Tras ello, efectu\u00f3 bloqueos en el interior del estado y en la capital, con la finalidad de exigir justicia.<\/p>\n\n\n\n<p>El 18 de diciembre, el MULT se\u00f1al\u00f3 de nuevo otro crimen, de Humberto Cruz Ortiz, en Tierra Blanca.<\/p>\n","protected":false},"excerpt":{"rendered":"<p>Ismael Garc\u00eda M\/Zona Roja. Oaxaca de Ju\u00e1rez, Oax., a 31 de diciembre de 2023.- Como&hellip;<\/p>\n","protected":false},"author":2,"featured_media":62314,"comment_status":"closed","ping_status":"open","sticky":false,"template":"","format":"standard","meta":{"_lmt_disableupdate":"","_lmt_disable":"","_jetpack_memberships_contains_paid_content":false,"footnotes":""},"categories":[109,51],"tags":[2411,826],"class_list":["post-63786","post","type-post","status-publish","format-standard","has-post-thumbnail","hentry","category-minuto-a-minuto","category-zona-roja","tag-movimiento-de-unificacion-y-lucha-triqui-independiente-multi","tag-santiago-juxtlahuaca"],"jetpack_featured_media_url":"https:\/\/zonaroja.com.mx\/wp-content\/uploads\/2023\/11\/Triquis-MULTI.jpg","jetpack_sharing_enabled":true,"_links":{"self":[{"href":"https:\/\/zonaroja.com.mx\/index.php?rest_route=\/wp\/v2\/posts\/63786","targetHints":{"allow":["GET"]}}],"collection":[{"href":"https:\/\/zonaroja.com.mx\/index.php?rest_route=\/wp\/v2\/posts"}],"about":[{"href":"https:\/\/zonaroja.com.mx\/index.php?rest_route=\/wp\/v2\/types\/post"}],"author":[{"embeddable":true,"href":"https:\/\/zonaroja.com.mx\/index.php?rest_route=\/wp\/v2\/users\/2"}],"replies":[{"embeddable":true,"href":"https:\/\/zonaroja.com.mx\/index.php?rest_route=%2Fwp%2Fv2%2Fcomments&post=63786"}],"version-history":[{"count":1,"href":"https:\/\/zonaroja.com.mx\/index.php?rest_route=\/wp\/v2\/posts\/63786\/revisions"}],"predecessor-version":[{"id":63787,"href":"https:\/\/zonaroja.com.mx\/index.php?rest_route=\/wp\/v2\/posts\/63786\/revisions\/63787"}],"wp:featuredmedia":[{"embeddable":true,"href":"https:\/\/zonaroja.com.mx\/index.php?rest_route=\/wp\/v2\/media\/62314"}],"wp:attachment":[{"href":"https:\/\/zonaroja.com.mx\/index.php?rest_route=%2Fwp%2Fv2%2Fmedia&parent=63786"}],"wp:term":[{"taxonomy":"category","embeddable":true,"href":"https:\/\/zonaroja.com.mx\/index.php?rest_route=%2Fwp%2Fv2%2Fcategories&post=63786"},{"taxonomy":"post_tag","embeddable":true,"href":"https:\/\/zonaroja.com.mx\/index.php?rest_route=%2Fwp%2Fv2%2Ftags&post=63786"}],"curies":[{"name":"wp","href":"https:\/\/api.w.org\/{rel}","templated":true}]}}