{"id":63788,"date":"2024-01-01T07:50:00","date_gmt":"2024-01-01T13:50:00","guid":{"rendered":"http:\/\/www.zonaroja.com.mx\/?p=63788"},"modified":"2024-01-01T07:09:37","modified_gmt":"2024-01-01T13:09:37","slug":"inaugura-amlo-segundo-tramo-del-tren-maya-hizo-11-horas-en-800-km","status":"publish","type":"post","link":"https:\/\/zonaroja.com.mx\/?p=63788","title":{"rendered":"Inaugura AMLO segundo tramo del Tren Maya; hizo 11 horas en 800 km"},"content":{"rendered":"\n<p>Redacci\u00f3n\/Zona Roja Cdmx.<\/p>\n\n\n\n<p>Ciudad de M\u00e9xico, a 1 de enero de 2024.- El Presidente de M\u00e9xico, Andr\u00e9s Manuel L\u00f3pez Obrador, inaugur\u00f3 ayer un segundo tramo del Tren Maya, de Canc\u00fan, Quintana Roo, a Palenque, Chiapas, con una distancia de 800 kil\u00f3metros, que se recorri\u00f3 en casi 11 horas.<\/p>\n\n\n\n<p>En el \u00faltimo d\u00eda del a\u00f1o, el mandatario y algunos integrantes de su gabinete abordaron el ferrocarril a las 05:40 horas en Canc\u00fan y durante el trayecto s\u00f3lo hubo una parada, en Campeche, para abastecerse de combustible,<\/p>\n\n\n\n<p>Acompa\u00f1aron a L\u00f3pez Obrador funcionarios como Rosa Icela Rodr\u00edguez, Secretar\u00eda de Seguridad y Protecci\u00f3n Ciudadana; Miguel Torruco Marqu\u00e9s, secretario de Turismo, y la gobernadora de Quintana Roo, Mara Lezama Espinosa.<\/p>\n\n\n\n<p>En este primer viaje tambi\u00e9n estuvo a bordo del tren el secretario de la Defensa Nacional, Luis Crescencio Sandoval.<\/p>\n\n\n\n<p>El primer tramo del Tren Maya fue inaugurado por el presidente el 15 de diciembre (el tramo que va de Canc\u00fan a Campeche), sin embargo, este suspendi\u00f3 operaciones desde el 28 de diciembre hasta el 1 de enero para facilitar la puesta en marcha del segundo tramo.<\/p>\n\n\n\n<p>El segundo tramo consiste en un recorrido de 800 kil\u00f3metros, el cual parte de la estaci\u00f3n Canc\u00fan-Aeropuerto y llega a Palenque; atraviesa Quintana Roo, Campeche, Tabasco y Chiapas.<\/p>\n\n\n\n<p>AMLO VACACIONA<\/p>\n\n\n\n<p>El presidente Andr\u00e9s Manuel L\u00f3pez Obrador fue el primero en descender del tren para dirigirse a su Quinta que tiene en esta ciudad, donde pasar\u00e1 el A\u00f1o Nuevo con su esposa y sus cuatro hijos.<\/p>\n\n\n\n<p>Durante una entrevista que concedi\u00f3 en el recorrido dese\u00f3 felices fiestas a la poblaci\u00f3n, destac\u00f3 que se cerr\u00f3 bien el a\u00f1o 2023 y augur\u00f3 un buen a\u00f1o 2024, que ser\u00e1 el \u00faltimo de su gobierno.<\/p>\n","protected":false},"excerpt":{"rendered":"<p>Redacci\u00f3n\/Zona Roja Cdmx. Ciudad de M\u00e9xico, a 1 de enero de 2024.- El Presidente de&hellip;<\/p>\n","protected":false},"author":2,"featured_media":63789,"comment_status":"closed","ping_status":"open","sticky":false,"template":"","format":"standard","meta":{"_lmt_disableupdate":"","_lmt_disable":"","_jetpack_memberships_contains_paid_content":false,"footnotes":""},"categories":[109,46],"tags":[143,1730],"class_list":["post-63788","post","type-post","status-publish","format-standard","has-post-thumbnail","hentry","category-minuto-a-minuto","category-zona-blanca","tag-andres-manuel-lopez-obrador","tag-tren-maya"],"jetpack_featured_media_url":"https:\/\/zonaroja.com.mx\/wp-content\/uploads\/2024\/01\/Lopez-Obrador-inaugura-Tren-Maya-segundo-tramo.jpeg","jetpack_sharing_enabled":true,"_links":{"self":[{"href":"https:\/\/zonaroja.com.mx\/index.php?rest_route=\/wp\/v2\/posts\/63788","targetHints":{"allow":["GET"]}}],"collection":[{"href":"https:\/\/zonaroja.com.mx\/index.php?rest_route=\/wp\/v2\/posts"}],"about":[{"href":"https:\/\/zonaroja.com.mx\/index.php?rest_route=\/wp\/v2\/types\/post"}],"author":[{"embeddable":true,"href":"https:\/\/zonaroja.com.mx\/index.php?rest_route=\/wp\/v2\/users\/2"}],"replies":[{"embeddable":true,"href":"https:\/\/zonaroja.com.mx\/index.php?rest_route=%2Fwp%2Fv2%2Fcomments&post=63788"}],"version-history":[{"count":1,"href":"https:\/\/zonaroja.com.mx\/index.php?rest_route=\/wp\/v2\/posts\/63788\/revisions"}],"predecessor-version":[{"id":63790,"href":"https:\/\/zonaroja.com.mx\/index.php?rest_route=\/wp\/v2\/posts\/63788\/revisions\/63790"}],"wp:featuredmedia":[{"embeddable":true,"href":"https:\/\/zonaroja.com.mx\/index.php?rest_route=\/wp\/v2\/media\/63789"}],"wp:attachment":[{"href":"https:\/\/zonaroja.com.mx\/index.php?rest_route=%2Fwp%2Fv2%2Fmedia&parent=63788"}],"wp:term":[{"taxonomy":"category","embeddable":true,"href":"https:\/\/zonaroja.com.mx\/index.php?rest_route=%2Fwp%2Fv2%2Fcategories&post=63788"},{"taxonomy":"post_tag","embeddable":true,"href":"https:\/\/zonaroja.com.mx\/index.php?rest_route=%2Fwp%2Fv2%2Ftags&post=63788"}],"curies":[{"name":"wp","href":"https:\/\/api.w.org\/{rel}","templated":true}]}}