{"id":6379,"date":"2019-12-05T10:02:41","date_gmt":"2019-12-05T16:02:41","guid":{"rendered":"http:\/\/www.zonaroja.com.mx\/?p=6379"},"modified":"2019-12-05T12:18:29","modified_gmt":"2019-12-05T18:18:29","slug":"critica-abogado-penalista-ignorancia-en-comunicados-de-la-fiscalia-general","status":"publish","type":"post","link":"https:\/\/zonaroja.com.mx\/?p=6379","title":{"rendered":"Critica abogado penalista ignorancia en comunicados de la Fiscal\u00eda General"},"content":{"rendered":"\n<p>Redacci\u00f3n\/Zona Roja.<\/p>\n\n\n\n<p>Oaxaca de Ju\u00e1rez, Oax., 5 de diciembre\nde 2019.- Debido a la falta de capacitaci\u00f3n del personal de Comunicaci\u00f3n Social\nde la Fiscal\u00eda General del Estado de Oaxaca, no saben diferencias las etapas de\nun juicio.<\/p>\n\n\n\n<p>En ese contexto, el abogado penalista\nGerardo Francisco L\u00f3pez Thomas, a trav\u00e9s de su perfil de Facebook, aclar\u00f3 que\nno hubo juicio en un caso de extorsi\u00f3n sino que fue un procedimiento abreviado.<\/p>\n\n\n\n<p>En el comunicado emitido el pasado 30 de noviembre de este a\u00f1o, la dependencia cita:<\/p>\n\n\n\n<p>\u201cLa Fiscal\u00eda General del Estado de\nOaxaca (FGEO), logr\u00f3 obtener del Tribunal de Enjuiciamiento sentencia\ncondenatoria contra dos sujetos por m\u00e1s de cinco a\u00f1os de prisi\u00f3n cada uno, por\nel delito de extorsi\u00f3n en perjuicio de M. A. M. C., cometido en el municipio de\nOaxaca de Ju\u00e1rez, regi\u00f3n de Valles Centrales\u201d.<\/p>\n\n\n\n<p>Detalla que de acuerdo con la carpeta\nde investigaci\u00f3n 1116\/FDAI\/UECS\/2019, a partir del 9 de enero de 2019, la\nv\u00edctima comenz\u00f3 a recibir una serie de amenazas a su tel\u00e9fono celular por parte\nde los dos extorsionadores, exigi\u00e9ndole una cuantiosa cantidad de dinero a\ncambio de no lastimar a su familia.<\/p>\n\n\n\n<p>Refiere que ante las constantes\namenazas y con fecha 6 de febrero de 2019, la v\u00edctima hizo entrega de una\ncantidad de dinero a los dos extorsionadores en una tienda de conveniencia en\nla agencia municipal de Pueblo Nuevo, los cuales fueron detenidos tras una\npersecuci\u00f3n por parte de integrantes de la Agencia Estatal de Investigaciones.<\/p>\n\n\n\n<p>Al momento de su detenci\u00f3n, a los\nimputados se les aseguraron tel\u00e9fonos celulares, una pistola calibre.32; 40 mil\npesos en efectivo y una motocicleta marca Yamaha, color roja.<\/p>\n\n\n\n<p>\u201cEn audiencia, el Tribunal de\nEnjuiciamiento dict\u00f3 sentencia condenatoria contra los dos imputados por cinco\na\u00f1os y cuatro meses de prisi\u00f3n, as\u00ed como una multa de 25 mil pesos y 10 mil\npesos por concepto de reparaci\u00f3n del da\u00f1o\u201d, precisa el comunicado de la\nFiscal\u00eda.<\/p>\n\n\n\n<p>ERROR E IGNORANCIA<\/p>\n\n\n\n<p>Sin embargo, el profesional del derecho,\nquien fue asesor de la v\u00edctima, a trav\u00e9s de su perfil de Facebook, recopila la\ninformaci\u00f3n y precisa que fue la sentencia fue dictada por la jueza de control\nen etapa intermedia a trav\u00e9s de un procedimiento abreviado.<\/p>\n\n\n\n<p>Es decir, los ahora condenados\naceptaron su responsabilidad y no fue necesario llegar a un juicio, como lo\ndifundi la dependencia, al desconocer su personal las etapas de un juicio.\u00b4<\/p>\n\n\n\n<p>En m\u00faltiples ocasiones, los comunicados\nde la Fiscal\u00eda General del Estado contienen errores no solamente en la\nredacci\u00f3n o en las fechas, sino tambi\u00e9n en la precisi\u00f3n acerca de los datos e\nincluso en lugares inexistentes.<\/p>\n","protected":false},"excerpt":{"rendered":"<p>Redacci\u00f3n\/Zona Roja. Oaxaca de Ju\u00e1rez, Oax., 5 de diciembre de 2019.- Debido a la falta&hellip;<\/p>\n","protected":false},"author":2,"featured_media":6380,"comment_status":"closed","ping_status":"open","sticky":false,"template":"","format":"standard","meta":{"_lmt_disableupdate":"","_lmt_disable":"","_jetpack_memberships_contains_paid_content":false,"footnotes":""},"categories":[109,47],"tags":[1104],"class_list":["post-6379","post","type-post","status-publish","format-standard","has-post-thumbnail","hentry","category-minuto-a-minuto","category-zona-gris","tag-gerardo-francisco-lopez-thomas"],"jetpack_featured_media_url":"https:\/\/zonaroja.com.mx\/wp-content\/uploads\/2019\/12\/Abogado-y-comunicado.jpg","jetpack_sharing_enabled":true,"_links":{"self":[{"href":"https:\/\/zonaroja.com.mx\/index.php?rest_route=\/wp\/v2\/posts\/6379","targetHints":{"allow":["GET"]}}],"collection":[{"href":"https:\/\/zonaroja.com.mx\/index.php?rest_route=\/wp\/v2\/posts"}],"about":[{"href":"https:\/\/zonaroja.com.mx\/index.php?rest_route=\/wp\/v2\/types\/post"}],"author":[{"embeddable":true,"href":"https:\/\/zonaroja.com.mx\/index.php?rest_route=\/wp\/v2\/users\/2"}],"replies":[{"embeddable":true,"href":"https:\/\/zonaroja.com.mx\/index.php?rest_route=%2Fwp%2Fv2%2Fcomments&post=6379"}],"version-history":[{"count":2,"href":"https:\/\/zonaroja.com.mx\/index.php?rest_route=\/wp\/v2\/posts\/6379\/revisions"}],"predecessor-version":[{"id":6382,"href":"https:\/\/zonaroja.com.mx\/index.php?rest_route=\/wp\/v2\/posts\/6379\/revisions\/6382"}],"wp:featuredmedia":[{"embeddable":true,"href":"https:\/\/zonaroja.com.mx\/index.php?rest_route=\/wp\/v2\/media\/6380"}],"wp:attachment":[{"href":"https:\/\/zonaroja.com.mx\/index.php?rest_route=%2Fwp%2Fv2%2Fmedia&parent=6379"}],"wp:term":[{"taxonomy":"category","embeddable":true,"href":"https:\/\/zonaroja.com.mx\/index.php?rest_route=%2Fwp%2Fv2%2Fcategories&post=6379"},{"taxonomy":"post_tag","embeddable":true,"href":"https:\/\/zonaroja.com.mx\/index.php?rest_route=%2Fwp%2Fv2%2Ftags&post=6379"}],"curies":[{"name":"wp","href":"https:\/\/api.w.org\/{rel}","templated":true}]}}