{"id":63791,"date":"2024-01-01T09:00:00","date_gmt":"2024-01-01T15:00:00","guid":{"rendered":"http:\/\/www.zonaroja.com.mx\/?p=63791"},"modified":"2024-01-01T07:09:12","modified_gmt":"2024-01-01T13:09:12","slug":"avala-el-ieepco-eleccion-en-cotzocon-pero-rechaza-el-de-mazatlan-mixe","status":"publish","type":"post","link":"https:\/\/zonaroja.com.mx\/?p=63791","title":{"rendered":"Avala el IEEPCO elecci\u00f3n en Cotzoc\u00f3n pero rechaza el de Mazatl\u00e1n Mixe"},"content":{"rendered":"\n<p>Raymundo Morales\/Zona Roja.<\/p>\n\n\n\n<p>Oaxaca de Ju\u00e1rez, Oax., a 1 de enero de 2024.- En sesi\u00f3n extraordinaria de anoche, el Consejo General del Instituto Estatal Electoral y de Participaci\u00f3n Ciudadana de Oaxaca (IEEPCO) aval\u00f3 la elecci\u00f3n de integrantes del ayuntamiento de San Juan Cotzoc\u00f3n Mixe.<\/p>\n\n\n\n<p>La asamblea de dicho municipio eligi\u00f3 a sus autoridades, por el r\u00e9gimen de Sistemas Normativos Ind\u00edgenas, luego de semanas de conflictos con diversas agencias municipales.<\/p>\n\n\n\n<p>En tanto, desde el s\u00e1bado una representaci\u00f3n de pobladores de Cotzoc\u00f3n arrib\u00f3 a la capital e instal\u00f3 una protesta pac\u00edfica durante dos d\u00edas afuera del IEEPCO, en la colonia Reforma de la capital.<\/p>\n\n\n\n<p>Por otra parte, el \u00f3rgano local electoral, declar\u00f3 como jur\u00eddicamente no v\u00e1lida la elecci\u00f3n celebrada el 28 de diciembre pasado en San Juan Mazatl\u00e1n en virtud de que no se llev\u00f3 a cabo conforme al Sistema<\/p>\n\n\n\n<p>Normativo del Municipio y por no cumplir con las disposiciones legales constitucionales.<\/p>\n\n\n\n<p>Finalmente, el IEEPCO, valid\u00f3 el nombramiento de autoridades comunitarias de la cabecera municipal de Santiago Atitl\u00e1n, de igual manera regido electoralmente por Sistemas Normativos Ind\u00edgenas.<\/p>\n\n\n\n<p>Este 1 de enero toman protesta autoridades de medio centenar de municipios que eligen a sus concejales por asambleas.<\/p>\n\n\n\n<p>Este a\u00f1o tambi\u00e9n, en el marco del proceso electoral 2023-2024, se renovar\u00e1n 153 ayuntamientos por el r\u00e9gimen de partidos pol\u00edticos.<\/p>\n","protected":false},"excerpt":{"rendered":"<p>Raymundo Morales\/Zona Roja. Oaxaca de Ju\u00e1rez, Oax., a 1 de enero de 2024.- En sesi\u00f3n&hellip;<\/p>\n","protected":false},"author":2,"featured_media":63793,"comment_status":"closed","ping_status":"open","sticky":false,"template":"","format":"standard","meta":{"_lmt_disableupdate":"","_lmt_disable":"","_jetpack_memberships_contains_paid_content":false,"footnotes":""},"categories":[109,46],"tags":[2932,1135],"class_list":["post-63791","post","type-post","status-publish","format-standard","has-post-thumbnail","hentry","category-minuto-a-minuto","category-zona-blanca","tag-instituto-estatal-electoral-y-de-participacion-ciudadana-de-oaxaca-ieepco","tag-san-juan-cotzocon-mixe"],"jetpack_featured_media_url":"https:\/\/zonaroja.com.mx\/wp-content\/uploads\/2024\/01\/Protesta-Cotzocon-IEEPCO.jpg","jetpack_sharing_enabled":true,"_links":{"self":[{"href":"https:\/\/zonaroja.com.mx\/index.php?rest_route=\/wp\/v2\/posts\/63791","targetHints":{"allow":["GET"]}}],"collection":[{"href":"https:\/\/zonaroja.com.mx\/index.php?rest_route=\/wp\/v2\/posts"}],"about":[{"href":"https:\/\/zonaroja.com.mx\/index.php?rest_route=\/wp\/v2\/types\/post"}],"author":[{"embeddable":true,"href":"https:\/\/zonaroja.com.mx\/index.php?rest_route=\/wp\/v2\/users\/2"}],"replies":[{"embeddable":true,"href":"https:\/\/zonaroja.com.mx\/index.php?rest_route=%2Fwp%2Fv2%2Fcomments&post=63791"}],"version-history":[{"count":1,"href":"https:\/\/zonaroja.com.mx\/index.php?rest_route=\/wp\/v2\/posts\/63791\/revisions"}],"predecessor-version":[{"id":63794,"href":"https:\/\/zonaroja.com.mx\/index.php?rest_route=\/wp\/v2\/posts\/63791\/revisions\/63794"}],"wp:featuredmedia":[{"embeddable":true,"href":"https:\/\/zonaroja.com.mx\/index.php?rest_route=\/wp\/v2\/media\/63793"}],"wp:attachment":[{"href":"https:\/\/zonaroja.com.mx\/index.php?rest_route=%2Fwp%2Fv2%2Fmedia&parent=63791"}],"wp:term":[{"taxonomy":"category","embeddable":true,"href":"https:\/\/zonaroja.com.mx\/index.php?rest_route=%2Fwp%2Fv2%2Fcategories&post=63791"},{"taxonomy":"post_tag","embeddable":true,"href":"https:\/\/zonaroja.com.mx\/index.php?rest_route=%2Fwp%2Fv2%2Ftags&post=63791"}],"curies":[{"name":"wp","href":"https:\/\/api.w.org\/{rel}","templated":true}]}}