{"id":63808,"date":"2024-01-01T14:23:00","date_gmt":"2024-01-01T20:23:00","guid":{"rendered":"http:\/\/www.zonaroja.com.mx\/?p=63808"},"modified":"2024-01-01T07:25:31","modified_gmt":"2024-01-01T13:25:31","slug":"mas-de-la-mitad-de-la-poblacion-mundial-tiene-elecciones-en-2024","status":"publish","type":"post","link":"https:\/\/zonaroja.com.mx\/?p=63808","title":{"rendered":"M\u00e1s de la mitad de la poblaci\u00f3n mundial tiene elecciones en 2024"},"content":{"rendered":"\n<p>Redacci\u00f3n\/Zona Roja Cdmx.<\/p>\n\n\n\n<p>Ciudad de M\u00e9xico, a 1 de enero de 2024.- Unos 70 pa\u00edses que en conjunto re\u00fanen m\u00e1s de la mitad de la poblaci\u00f3n mundial , entre ellos Estados Unidos, Rusia, India, M\u00e9xico, Venezuela, Taiw\u00e1n y los de la Uni\u00f3n Europea, tienen cita con las urnas en 2024, parad\u00f3jicamente en un contexto de amenazas a la democracia.<\/p>\n\n\n\n<p>La organizaci\u00f3n con sede en Estocolmo Instituto para la Democracia y la Asistencia Electoral (IDEA Internacional) concluy\u00f3 en su \u00faltimo informe que la democracia est\u00e1 en declive en el mundo debido a amenazas a la integridad de los procesos electorales, a la independencia del poder judicial, a la seguridad o la libertad de expresi\u00f3n y de reuni\u00f3n, incluso en pa\u00edses con sistemas democr\u00e1ticos consolidados.<\/p>\n\n\n\n<p>Entre las citas electorales del 2024 est\u00e1n las elecciones al Parlamento Europeo que se celebrar\u00e1n los d\u00edas 6, 7, 8 y 9 de junio en los 27 pa\u00edses de la UE y que determinar\u00e1n el rumbo de la pol\u00edtica comunitaria, aunque las que concitan m\u00e1s atenci\u00f3n son las presidenciales en Estados Unidos, fijadas para el 5 de noviembre y cuyos resultados tienen siempre efectos en el escenario geopol\u00edtico mundial.<\/p>\n\n\n\n<p>Previsiblemente, pues aun falta celebrar las primarias, los candidatos ser\u00e1n los mismos que en las de 2020: el dem\u00f3crata Joe Biden y el republicano Donald Trump, que representan modelos antag\u00f3nicos de pa\u00eds.<\/p>\n\n\n\n<p>Meses antes que los estadounidenses est\u00e1n convocados a votar los rusos.<\/p>\n\n\n\n<p>El 17 de marzo se celebrar\u00e1n en Rusia las primeras elecciones a nivel federal desde el inicio de la guerra en Ucrania en febrero de 2022, con el actual jefe del Kremlin, Vlad\u00edmir Putin, de 71 a\u00f1os, como candidato a la reelecci\u00f3n por quinta vez desde el a\u00f1o 2000 y con una victoria casi segura.<\/p>\n\n\n\n<p>Los comicios, en los que no participar\u00e1 ning\u00fan candidato abiertamente opositor, ser\u00e1n una especie de referendo sobre la marcha de la campa\u00f1a militar rusa en Ucrania en la que el Kremlin no ha logrado a\u00fan los objetivos que se marc\u00f3 al invadir el pa\u00eds vecino.<\/p>\n\n\n\n<p>Ucrania es precisamente uno de los pa\u00edses donde, seg\u00fan el calendario electoral, corresponder\u00eda elegir un nuevo gobernante en 2024, pero no es todav\u00eda seguro que se convoquen elecciones.<\/p>\n\n\n\n<p>El mandato del presidente ucraniano, Volod\u00edmir Zelenski, vence el pr\u00f3ximo 31 de marzo, pero mientras est\u00e9 en vigor la ley marcial por la guerra con Rusia no se puede llamar a las urnas, aunque el mandatario ha dejado ver la posibilidad de legislar para permitirlo.<\/p>\n\n\n\n<p>En Venezuela tambi\u00e9n tocan elecciones presidenciales en 2024, pero aun no hay fecha para una votaci\u00f3n en la que la oposici\u00f3n unida, que en 2018 se abstuvo de participar, decidi\u00f3 concurrir como resultado de una larga negociaci\u00f3n pol\u00edtica con el Gobierno chavista dirigida a obtener garant\u00edas de limpieza y justicia electoral.<\/p>\n\n\n\n<p>La gran inc\u00f3gnita es si la exdiputada Mar\u00eda Corina Machado, elegida en las primarias pero inhabilitada para ocupar cargos p\u00fablicos de elecci\u00f3n popular, podr\u00e1 finalmente ser la candidata opositora como reclaman pa\u00edses como Estados Unidos, que ha respaldado activamente la negociaci\u00f3n Gobierno-oposici\u00f3n .<\/p>\n\n\n\n<p>Las elecciones generales convocadas para el 4 de febrero en El Salvador est\u00e1n en tela de juicio porque el popular presidente Nayib Bukel tratar\u00e1 de obtener un segundo mandato consecutivo, algo no previsto en la Constituci\u00f3n del pa\u00eds, pero s\u00ed avalado por Tribunal Supremo Electoral salvadore\u00f1o.<\/p>\n\n\n\n<p>El Salvador, Nicaragua, Hait\u00ed, Venezuela y Guatemala aparecen en el informe de IDEA Internacional sobre el estado de la democracia en el mundo en el grupo de pa\u00edses donde se ha producido un declive democr\u00e1tico.<\/p>\n\n\n\n<p>M\u00e1s de 4 mil millones de personas viven en los pa\u00edses llamados a las urnas<\/p>\n\n\n\n<p>Seg\u00fan la revista The Economist, m\u00e1s de 4 mil 100 millones de personas, lo que significa el 51 por ciento de la poblaci\u00f3n mundial, residen en los pa\u00edses donde el 2024 es un a\u00f1o electoral, como es el caso de M\u00e9xico.<\/p>\n\n\n\n<p>El pr\u00f3ximo presidente de M\u00e9xico surgir\u00e1 de las elecciones del 2 de junio, en las que por primera vez en la Historia dos mujeres son las principales candidatas: la oficialista Claudia Sheinbaum, ex jefa de Gobierno de la Ciudad de M\u00e9xico, y X\u00f3chitl G\u00e1lvez, ex senadora y l\u00edder de la plataforma opositora Fuerza y Coraz\u00f3n por M\u00e9xico.<\/p>\n\n\n\n<p>En Am\u00e9rica Latina est\u00e1n previstas tambi\u00e9n elecciones generales (presidenciales y parlamentarias) en Panam\u00e1 (5 de junio), Rep\u00fablica Dominicana (19 de mayo) y Uruguay (27 de octubre).<\/p>\n\n\n\n<p>Taiw\u00e1n iniciar\u00e1 el a\u00f1o con unas elecciones presidenciales (13 de enero) celebradas en un momento de tensi\u00f3n creciente entre Taip\u00e9i y Pek\u00edn, que reclama la soberan\u00eda sobre la isla, y con el candidato del gobernante Partido Democr\u00e1tico Popular (PDP) y actual vicepresidente, William Lai (Lai Ching-te), al frente de las encuestas.<\/p>\n\n\n\n<p>En la llamada \u201cmayor democracia del mundo\u201d, India, el pa\u00eds m\u00e1s poblado (mil 428 millones de habitantes) y la tercer mayor econom\u00eda del mundo, tambi\u00e9n se celebrar\u00e1n elecciones en 2024 (abril y mayo) y el primer ministro, Narendra Modi, cuenta con grandes posibilidades de lograr un tercer mandato consecutivo, seg\u00fan las encuestas.<\/p>\n\n\n\n<p>Dos pa\u00edses europeos, Portugal y B\u00e9lgica, renovar\u00e1n sus Parlamentos en 2024: el primero el 10 de marzo y por adelantado, a consecuencia de la dimisi\u00f3n del primer ministro, el socialista Ant\u00f3nio Costa, debido a una investigaci\u00f3n por corrupci\u00f3n, y el segundo el 9 de junio y en coincidencia con la elecciones al Parlamento Europeo.<\/p>\n\n\n\n<p>(Con informaci\u00f3n de EFE, en L\u00f3pez-D\u00f3riga Digital)<\/p>\n","protected":false},"excerpt":{"rendered":"<p>Redacci\u00f3n\/Zona Roja Cdmx. Ciudad de M\u00e9xico, a 1 de enero de 2024.- Unos 70 pa\u00edses&hellip;<\/p>\n","protected":false},"author":2,"featured_media":28435,"comment_status":"closed","ping_status":"open","sticky":false,"template":"","format":"standard","meta":{"_lmt_disableupdate":"","_lmt_disable":"","_jetpack_memberships_contains_paid_content":false,"footnotes":""},"categories":[109,47],"tags":[],"class_list":["post-63808","post","type-post","status-publish","format-standard","has-post-thumbnail","hentry","category-minuto-a-minuto","category-zona-gris"],"jetpack_featured_media_url":"https:\/\/zonaroja.com.mx\/wp-content\/uploads\/2021\/06\/Computo-INE-elecciones.jpg","jetpack_sharing_enabled":true,"_links":{"self":[{"href":"https:\/\/zonaroja.com.mx\/index.php?rest_route=\/wp\/v2\/posts\/63808","targetHints":{"allow":["GET"]}}],"collection":[{"href":"https:\/\/zonaroja.com.mx\/index.php?rest_route=\/wp\/v2\/posts"}],"about":[{"href":"https:\/\/zonaroja.com.mx\/index.php?rest_route=\/wp\/v2\/types\/post"}],"author":[{"embeddable":true,"href":"https:\/\/zonaroja.com.mx\/index.php?rest_route=\/wp\/v2\/users\/2"}],"replies":[{"embeddable":true,"href":"https:\/\/zonaroja.com.mx\/index.php?rest_route=%2Fwp%2Fv2%2Fcomments&post=63808"}],"version-history":[{"count":1,"href":"https:\/\/zonaroja.com.mx\/index.php?rest_route=\/wp\/v2\/posts\/63808\/revisions"}],"predecessor-version":[{"id":63809,"href":"https:\/\/zonaroja.com.mx\/index.php?rest_route=\/wp\/v2\/posts\/63808\/revisions\/63809"}],"wp:featuredmedia":[{"embeddable":true,"href":"https:\/\/zonaroja.com.mx\/index.php?rest_route=\/wp\/v2\/media\/28435"}],"wp:attachment":[{"href":"https:\/\/zonaroja.com.mx\/index.php?rest_route=%2Fwp%2Fv2%2Fmedia&parent=63808"}],"wp:term":[{"taxonomy":"category","embeddable":true,"href":"https:\/\/zonaroja.com.mx\/index.php?rest_route=%2Fwp%2Fv2%2Fcategories&post=63808"},{"taxonomy":"post_tag","embeddable":true,"href":"https:\/\/zonaroja.com.mx\/index.php?rest_route=%2Fwp%2Fv2%2Ftags&post=63808"}],"curies":[{"name":"wp","href":"https:\/\/api.w.org\/{rel}","templated":true}]}}