{"id":63812,"date":"2024-01-01T20:24:46","date_gmt":"2024-01-02T02:24:46","guid":{"rendered":"http:\/\/www.zonaroja.com.mx\/?p=63812"},"modified":"2024-01-01T20:26:31","modified_gmt":"2024-01-02T02:26:31","slug":"inicia-el-2024-con-tres-crimenes-entre-ellos-el-de-una-mujer","status":"publish","type":"post","link":"https:\/\/zonaroja.com.mx\/?p=63812","title":{"rendered":"Inicia el 2024 con tres cr\u00edmenes, entre ellos el de una mujer"},"content":{"rendered":"\n<p>Ismael Garc\u00eda M.\/Zona Roja.<\/p>\n\n\n\n<p>Oaxaca de Ju\u00e1rez, Oax., a 1 de enero de 2024.- El a\u00f1o 2024 inici\u00f3 con tres asesinatos en Oaxaca, entre ellos el de una mujer de la tercera edad.<\/p>\n\n\n\n<p>Este lunes, en Santa Mar\u00eda Guienagati, municipio de la regi\u00f3n del Istmo de Tehuantepec, fue asesinada una mujer, de aproximadamente 70 a\u00f1os de edad.<\/p>\n\n\n\n<p>La v\u00edctima de probable feminicidio fue identificada como Julia \u201cN\u201d., quien presenta golpes al parecer con piedras y palos y fue localizada en el interior de su domicilio.<\/p>\n\n\n\n<p>Hasta el momento no se cuenta con el m\u00f3vil del asesinato de la mujer, quien al parecer viv\u00eda sola en su casa, donde fue ultimada; la Vicefiscal\u00eda Regional del Istmo inici\u00f3 las indagatorias correspondientes.<\/p>\n\n\n\n<p>Mientras tanto a un costado de la carretera federal 131 Oaxaca-Puerto Escondido, en jurisdicci\u00f3n de San Gabriel Mixtepec, fue hallado un cuerpo sin vida, con varios impactos de arma de fuego.<\/p>\n\n\n\n<p>Hasta el momento la v\u00edctima no ha sido identificada y la Vicefiscal\u00eda Regional de la Costa inici\u00f3 las indagatorias correspondientes.<\/p>\n\n\n\n<p>&nbsp;En Santiago Pinotepa Nacional, un individuo fue ultimado a balazos en la colonia 20 de Noviembre y hasta el momento no se cuenta con datos de la identidad de la v\u00edctima.<\/p>\n\n\n\n<p>Tambi\u00e9n la Vicefiscal\u00eda Regional abri\u00f3 la carpeta de investigaci\u00f3n correspondiente, para dar con el o los probables autores del homicidio.<\/p>\n","protected":false},"excerpt":{"rendered":"<p>Ismael Garc\u00eda M.\/Zona Roja. Oaxaca de Ju\u00e1rez, Oax., a 1 de enero de 2024.- El&hellip;<\/p>\n","protected":false},"author":2,"featured_media":54458,"comment_status":"closed","ping_status":"open","sticky":false,"template":"","format":"standard","meta":{"_lmt_disableupdate":"","_lmt_disable":"","_jetpack_memberships_contains_paid_content":false,"footnotes":""},"categories":[51],"tags":[610,2522],"class_list":["post-63812","post","type-post","status-publish","format-standard","has-post-thumbnail","hentry","category-zona-roja","tag-feminicidios-oaxaca","tag-santa-maria-guienagati"],"jetpack_featured_media_url":"https:\/\/zonaroja.com.mx\/wp-content\/uploads\/2023\/04\/Escena-del-crimen-violencia-asesinato-homicidio.jpeg","jetpack_sharing_enabled":true,"_links":{"self":[{"href":"https:\/\/zonaroja.com.mx\/index.php?rest_route=\/wp\/v2\/posts\/63812","targetHints":{"allow":["GET"]}}],"collection":[{"href":"https:\/\/zonaroja.com.mx\/index.php?rest_route=\/wp\/v2\/posts"}],"about":[{"href":"https:\/\/zonaroja.com.mx\/index.php?rest_route=\/wp\/v2\/types\/post"}],"author":[{"embeddable":true,"href":"https:\/\/zonaroja.com.mx\/index.php?rest_route=\/wp\/v2\/users\/2"}],"replies":[{"embeddable":true,"href":"https:\/\/zonaroja.com.mx\/index.php?rest_route=%2Fwp%2Fv2%2Fcomments&post=63812"}],"version-history":[{"count":1,"href":"https:\/\/zonaroja.com.mx\/index.php?rest_route=\/wp\/v2\/posts\/63812\/revisions"}],"predecessor-version":[{"id":63813,"href":"https:\/\/zonaroja.com.mx\/index.php?rest_route=\/wp\/v2\/posts\/63812\/revisions\/63813"}],"wp:featuredmedia":[{"embeddable":true,"href":"https:\/\/zonaroja.com.mx\/index.php?rest_route=\/wp\/v2\/media\/54458"}],"wp:attachment":[{"href":"https:\/\/zonaroja.com.mx\/index.php?rest_route=%2Fwp%2Fv2%2Fmedia&parent=63812"}],"wp:term":[{"taxonomy":"category","embeddable":true,"href":"https:\/\/zonaroja.com.mx\/index.php?rest_route=%2Fwp%2Fv2%2Fcategories&post=63812"},{"taxonomy":"post_tag","embeddable":true,"href":"https:\/\/zonaroja.com.mx\/index.php?rest_route=%2Fwp%2Fv2%2Ftags&post=63812"}],"curies":[{"name":"wp","href":"https:\/\/api.w.org\/{rel}","templated":true}]}}