{"id":63817,"date":"2024-01-02T07:20:00","date_gmt":"2024-01-02T13:20:00","guid":{"rendered":"http:\/\/www.zonaroja.com.mx\/?p=63817"},"modified":"2024-01-02T06:49:36","modified_gmt":"2024-01-02T12:49:36","slug":"secuestran-a-31-migrantes-en-ruta-nuevo-leon-tamaulipas","status":"publish","type":"post","link":"https:\/\/zonaroja.com.mx\/?p=63817","title":{"rendered":"Secuestran a 31 migrantes en ruta Nuevo Le\u00f3n-Tamaulipas"},"content":{"rendered":"\n<p>Redacci\u00f3n\/Zona Roja Cdmx. Foto: Archivo<\/p>\n\n\n\n<p>Ciudad de M\u00e9xico, a 2 de enero de 2024.- Un grupo de hombres armados secuestr\u00f3 a 31 pasajeros de un autob\u00fas en el que viajaban migrantes de diferentes nacionalidades, adem\u00e1s de mexicanos, que se trasladaba por una carretera del estado norte\u00f1o de Tamaulipas, cerca de Texas, anunciaron las autoridades estatales.<br>Sin ofrecer mayores detalles de lo ocurrido, la Vocer\u00eda de Seguridad de Tamaulipas dijo que estaba investigando el rapto de los pasajeros, que ocurri\u00f3 la tarde del s\u00e1bado en una carretera del estado.<br>Un funcionario estatal que no est\u00e1 autorizado para hablar con la prensa confirm\u00f3 a The Associated Press que entre los detenidos hay hombres, mujeres y ni\u00f1os, pero hasta el momento se desconoce cu\u00e1ntos son de cada nacionalidad.<br>La AP solicit\u00f3 a la Fiscal\u00eda General de la Rep\u00fablica y el Instituto Nacional de Migraci\u00f3n una reacci\u00f3n sobre el caso pero no hubo comentarios de momento.<br>En total viajaban 36 personas en un autob\u00fas de la empresa SENDA n\u00famero 9570.<br>La unidad parti\u00f3 del estado norte\u00f1o de Nuevo Le\u00f3n y su destino final era la ciudad fronteriza de Matamoros, Tamaulipas, que actualmente enfrenta un serio problema por la aglomeraci\u00f3n de miles de migrantes que intentan cruzar de manera ilegal por el r\u00edo \u201cBravo\u201d para llegar a Estados Unidos.<br>El autob\u00fas tuvo como escala la ciudad fronteriza de Reynosa y luego parti\u00f3 por la ruta federal hacia Matamoros.<br>En un poblado rural cercano a la ciudad de R\u00edo Bravo un comando armado detuvo la marcha de la unidad y despu\u00e9s de revisarla se llev\u00f3 a las 31 personas, indic\u00f3 el funcionario.<br>Un caso parecido ocurri\u00f3 en marzo del 2019 cuando sujetos armados detuvieron un autob\u00fas de pasajeros sobre la carretera federal San Fernando-Reynosa y se llevaron a 22 personas que hasta el momento se desconoce su destino.<br>La frontera de Tamaulipas enfrenta problemas de inseguridad por la lucha que mantienen facciones del C\u00e1rtel Del Golfo y que se ha extendido a ciudades al centro del estado, sobre todo las que colindan con el Golfo de M\u00e9xico.<br>HALLAN A OTROS 5<br>La noche de este lunes, La Vocer\u00eda de Seguridad de tamaulipas inform\u00f3 que unidades de la Guardia Nacional detectaron veh\u00edculo Ford Fusion blanco en la carretera Monterrey-Matamoros a la altura del kil\u00f3metro 30 en Reynosa.<br>Se\u00f1al\u00f3 que al detectar la presencia de las unidades de la Guardia Nacional realizaron maniobras evasivas entre el tr\u00e1fico y posteriormente detener su marcha. Dos masculinos descendieron del veh\u00edculo y huyeron a pie.<\/p>\n\n\n\n<p>Se inspeccion\u00f3 el veh\u00edculo, encontrando a 5 personas de nacionalidad venezolana. Entre ellas dos menores de edad.<\/p>\n\n\n\n<p>Tras entrevistar a los adultos, indicaron viajar de Monterrey a Matamoros en un autob\u00fas de la l\u00ednea Senda, siendo interceptados en el km 30 por las personas que conduc\u00edan el veh\u00edculo antes mencionado.<br>Por ello, se solicit\u00f3 apoyo del Instituto Nacional de Migraci\u00f3n, trasladando a las personas a oficinas de Migraci\u00f3n.<\/p>\n\n\n\n<p>\u201cAl verificar la serie vehicular 3FAFP07Z46R202462 en Plataforma M\u00e9xico, revel\u00f3 un veh\u00edculo americano Ford Fusion 2006 sin reporte de robo, que ser\u00e1 puesto a disposici\u00f3n del MP. Se proporcionar\u00e1 informaci\u00f3n adicional a medida que se disponga de m\u00e1s detalles del curso de la investigaci\u00f3n por parte de las autoridades correspondientes\u201d.<\/p>\n\n\n\n<p>(Informaci\u00f3n de la agencia AP y \u201cLa Jornada\u201d)<\/p>\n","protected":false},"excerpt":{"rendered":"<p>Redacci\u00f3n\/Zona Roja Cdmx. Foto: Archivo Ciudad de M\u00e9xico, a 2 de enero de 2024.- Un&hellip;<\/p>\n","protected":false},"author":2,"featured_media":62308,"comment_status":"closed","ping_status":"open","sticky":false,"template":"","format":"standard","meta":{"_lmt_disableupdate":"","_lmt_disable":"","_jetpack_memberships_contains_paid_content":false,"footnotes":""},"categories":[109,47],"tags":[207],"class_list":["post-63817","post","type-post","status-publish","format-standard","has-post-thumbnail","hentry","category-minuto-a-minuto","category-zona-gris","tag-migrantes-centroamericanos"],"jetpack_featured_media_url":"https:\/\/zonaroja.com.mx\/wp-content\/uploads\/2023\/11\/Migrantes-autobuses.jpg","jetpack_sharing_enabled":true,"_links":{"self":[{"href":"https:\/\/zonaroja.com.mx\/index.php?rest_route=\/wp\/v2\/posts\/63817","targetHints":{"allow":["GET"]}}],"collection":[{"href":"https:\/\/zonaroja.com.mx\/index.php?rest_route=\/wp\/v2\/posts"}],"about":[{"href":"https:\/\/zonaroja.com.mx\/index.php?rest_route=\/wp\/v2\/types\/post"}],"author":[{"embeddable":true,"href":"https:\/\/zonaroja.com.mx\/index.php?rest_route=\/wp\/v2\/users\/2"}],"replies":[{"embeddable":true,"href":"https:\/\/zonaroja.com.mx\/index.php?rest_route=%2Fwp%2Fv2%2Fcomments&post=63817"}],"version-history":[{"count":1,"href":"https:\/\/zonaroja.com.mx\/index.php?rest_route=\/wp\/v2\/posts\/63817\/revisions"}],"predecessor-version":[{"id":63818,"href":"https:\/\/zonaroja.com.mx\/index.php?rest_route=\/wp\/v2\/posts\/63817\/revisions\/63818"}],"wp:featuredmedia":[{"embeddable":true,"href":"https:\/\/zonaroja.com.mx\/index.php?rest_route=\/wp\/v2\/media\/62308"}],"wp:attachment":[{"href":"https:\/\/zonaroja.com.mx\/index.php?rest_route=%2Fwp%2Fv2%2Fmedia&parent=63817"}],"wp:term":[{"taxonomy":"category","embeddable":true,"href":"https:\/\/zonaroja.com.mx\/index.php?rest_route=%2Fwp%2Fv2%2Fcategories&post=63817"},{"taxonomy":"post_tag","embeddable":true,"href":"https:\/\/zonaroja.com.mx\/index.php?rest_route=%2Fwp%2Fv2%2Ftags&post=63817"}],"curies":[{"name":"wp","href":"https:\/\/api.w.org\/{rel}","templated":true}]}}