{"id":63830,"date":"2024-01-02T12:30:00","date_gmt":"2024-01-02T18:30:00","guid":{"rendered":"http:\/\/www.zonaroja.com.mx\/?p=63830"},"modified":"2024-01-02T07:45:48","modified_gmt":"2024-01-02T13:45:48","slug":"cerro-el-2023-con-asesinato-de-120-periodistas-en-el-mundo","status":"publish","type":"post","link":"https:\/\/zonaroja.com.mx\/?p=63830","title":{"rendered":"Cerr\u00f3 el 2023 con asesinato de 120 periodistas en el mundo"},"content":{"rendered":"\n<p>Redacci\u00f3n\/Zona Roja Cdmx.<\/p>\n\n\n\n<p>Ciudad de M\u00e9xico, a 2 de enero de 2024.- El 2023 cerr\u00f3 con al menos 120 profesionales de los medios de comunicaci\u00f3n y periodistas asesinados, de los que el 68 por ciento fallecieron en Gaza, seg\u00fan denunci\u00f3 la Federaci\u00f3n Internacional de Periodistas (FIP).<\/p>\n\n\n\n<p>\u201cLas cifras mortales de este a\u00f1o ilustran cu\u00e1n urgentemente necesitamos un instrumento internacional vinculante que obligue a los Estados a adoptar mecanismos clave para proteger la seguridad y la independencia de los periodistas\u201d, declar\u00f3 en un comunicado el secretario general de la FIP, Anthony Bellanger.<\/p>\n\n\n\n<p>En Oriente Medio, un total de 75 periodistas palestinos, cuatro israel\u00edes y tres libaneses fueron asesinados como resultado de la guerra en Gaza, y tres trabajadores de los medios de comunicaci\u00f3n fueron asesinados en Siria, indic\u00f3 la Federaci\u00f3n.<\/p>\n\n\n\n<p>\u201cEste a\u00f1o, el 68 por ciento de los periodistas y trabajadores de los medios asesinados en todo el mundo han sido asesinados en el conflicto de Gaza\u201d, se\u00f1al\u00f3 la FIP.<\/p>\n\n\n\n<p>En la regi\u00f3n de Asia y el Pac\u00edfico fueron asesinados doce periodistas en India (3), Afganist\u00e1n (2), Filipinas (2), Bangladesh (2), Pakist\u00e1n (2) y China (1), mientras que en Am\u00e9rica del Norte y del Sur el balance fatal ascendi\u00f3 a diez profesionales: tres mexicanos, un paraguayo, tres guatemaltecos, un colombiano, un hondure\u00f1o y un estadounidense. Aunque en M\u00e9xico se reportaron m\u00e1s casos de asesinatos de periodistas a lo largo del a\u00f1o.<\/p>\n\n\n\n<p>En \u00c1frica, la FIP contabiliz\u00f3 ocho asesinatos de periodistas en Camer\u00fan (2), Sud\u00e1n (1), Lesoto (1), Mali (1), Somalia (1), Mozambique (1) y Nigeria (1) \u201cque no han sido investigados completamente hasta la fecha y un asesinato accidental en Ruanda\u201d.<\/p>\n\n\n\n<p>Por \u00faltimo, tres periodistas fueron asesinados en 2023 en Europa, un franc\u00e9s, un ucraniano y un ruso en la guerra de Ucrania a los que se suma un cuarto profesional alban\u00e9s de los medios de comunicaci\u00f3n.<\/p>\n\n\n\n<p>\u201cLa FIP llama a los gobiernos del mundo a adoptar r\u00e1pidamente una convenci\u00f3n internacional vinculante para proteger la seguridad y la independencia de los periodistas\u201d, concluy\u00f3 esa organizaci\u00f3n con sede en Bruselas.<\/p>\n\n\n\n<p>HAY 647 ENCARCELADOS<\/p>\n\n\n\n<p>Un total de 779 periodistas han sido encarcelados en el mundo este a\u00f1o y 547 est\u00e1n actualmente entre rejas, seg\u00fan Reporteros sin Fronteras (RSF), que hace notar que estas cifras no se alejan mucho de las de hace un a\u00f1o, que marcaron el r\u00e9cord con 569.<\/p>\n\n\n\n<p>China contin\u00faa siendo, con mucha diferencia, la mayor prisi\u00f3n de periodistas de todo el mundo, con 135 profesionales de la informaci\u00f3n que han estado detenidos al menos 48 horas durante 2023. De acuerdo con las \u00faltimas informaciones de las que dispone RSF, 121 contin\u00faan en este momento privados de libertad.<\/p>\n\n\n\n<p>En un informe publicado este domingo, la organizaci\u00f3n se\u00f1ala que el segundo pa\u00eds de la lista es Birmania, con 84 encarcelados durante todo el a\u00f1o y 69 entre rejas ahora mismo.<\/p>\n\n\n\n<p>El r\u00e9gimen birmano es tambi\u00e9n el que ha impuesto la mayor pena a un informador en 2023, en concreto 20 a\u00f1os al fotoperiodista Sai Zaw Thaike, por los cargos de \u201cdesinformaci\u00f3n\u201d y \u201csedici\u00f3n\u201d.<\/p>\n\n\n\n<p>A continuaci\u00f3n viene Bielorrusia, donde se han contabilizado 55 periodistas detenidos al menos dos d\u00edas y 39 que van a empezar el a\u00f1o encarcelados.<\/p>\n\n\n\n<p>RSF se hace eco de la represi\u00f3n cada vez m\u00e1s frecuente de mujeres profesionales de la informaci\u00f3n, y pone como ejemplos las de tres que recibieron precisamente en Bielorrusia sentencias de entre 10 y 12 a\u00f1os de c\u00e1rcel por parte del r\u00e9gimen autoritario de Alexandr Lukashenko: Maryna Zolatava, Liudmila Chekina y Valeriya Kastsiuhova.<\/p>\n\n\n\n<p>Otros pa\u00edses catalogados por la organizaci\u00f3n entre \u201clos m\u00e1s peligrosos del mundo para los periodistas\u201d son Vietnam, Rusia y Afganist\u00e1n.<\/p>\n\n\n\n<p>En el caso de Rusia, vincula el \u201cclima hostil hacia los medios independientes\u201d con los 34 periodistas encarcelados en los \u00faltimos 12 meses, y con los 29 que permanecen en prisi\u00f3n.<\/p>\n\n\n\n<p>Entre \u00e9stos hay dos estadounidenses, el corresponsal del Wall Street Journal, Evan Gershkovich, acusado de espionaje, y Alsu Kurmasheva, de Radio Free Europe\/Radio Liberty (que tiene igualmente nacionalidad rusa), a la que se reprocha ser \u201cagente del extranjero\u201d.<\/p>\n\n\n\n<p>En Ir\u00e1n han sido encarcelados 58 periodistas durante todo el a\u00f1o y 21 contin\u00faan encerrados; en Turqu\u00eda 49 y 5, respectivamente.<\/p>\n\n\n\n<p>Reporteros se refiere a la guerra abierta por los ataques de Ham\u00e1s en territorio israel\u00ed el 7 de octubre y la respuesta militar del Estado hebreo.<\/p>\n\n\n\n<p>Indica que hay al menos 34 palestinos que se encuentran todav\u00eda detenidos en manos de las fuerzas palestinas, la mayor parte sin haber sido acusados formalmente. En esa situaci\u00f3n se encuentran 19 en detenci\u00f3n administrativa, una f\u00f3rmula que permite privar de libertad con el argumento de \u201crazones de seguridad\u201d.<\/p>\n\n\n\n<p>RSF subraya que este mecanismo para \u201cacosar a los reporteros palestinos\u201d, en particular en Cisjordania, viene a a\u00f1adirse a la \u201cmort\u00edfera persecuci\u00f3n\u201d que sufren en la Franja de Gaza, donde se llevan contabilizados al menos 76 periodistas asesinados por Israel, de los cuales al menos 16 cuando estaban trabajando.<\/p>\n\n\n\n<p>(Informaci\u00f3n de la agencia EFE en \u201cEl Financiero\u201d)<\/p>\n","protected":false},"excerpt":{"rendered":"<p>Redacci\u00f3n\/Zona Roja Cdmx. Ciudad de M\u00e9xico, a 2 de enero de 2024.- El 2023 cerr\u00f3&hellip;<\/p>\n","protected":false},"author":2,"featured_media":55146,"comment_status":"closed","ping_status":"open","sticky":false,"template":"","format":"standard","meta":{"_lmt_disableupdate":"","_lmt_disable":"","_jetpack_memberships_contains_paid_content":false,"footnotes":""},"categories":[109,47],"tags":[3758],"class_list":["post-63830","post","type-post","status-publish","format-standard","has-post-thumbnail","hentry","category-minuto-a-minuto","category-zona-gris","tag-asesinato-de-periodistas"],"jetpack_featured_media_url":"https:\/\/zonaroja.com.mx\/wp-content\/uploads\/2023\/05\/Periodistas-agresion-asesinatos.jpeg","jetpack_sharing_enabled":true,"_links":{"self":[{"href":"https:\/\/zonaroja.com.mx\/index.php?rest_route=\/wp\/v2\/posts\/63830","targetHints":{"allow":["GET"]}}],"collection":[{"href":"https:\/\/zonaroja.com.mx\/index.php?rest_route=\/wp\/v2\/posts"}],"about":[{"href":"https:\/\/zonaroja.com.mx\/index.php?rest_route=\/wp\/v2\/types\/post"}],"author":[{"embeddable":true,"href":"https:\/\/zonaroja.com.mx\/index.php?rest_route=\/wp\/v2\/users\/2"}],"replies":[{"embeddable":true,"href":"https:\/\/zonaroja.com.mx\/index.php?rest_route=%2Fwp%2Fv2%2Fcomments&post=63830"}],"version-history":[{"count":1,"href":"https:\/\/zonaroja.com.mx\/index.php?rest_route=\/wp\/v2\/posts\/63830\/revisions"}],"predecessor-version":[{"id":63831,"href":"https:\/\/zonaroja.com.mx\/index.php?rest_route=\/wp\/v2\/posts\/63830\/revisions\/63831"}],"wp:featuredmedia":[{"embeddable":true,"href":"https:\/\/zonaroja.com.mx\/index.php?rest_route=\/wp\/v2\/media\/55146"}],"wp:attachment":[{"href":"https:\/\/zonaroja.com.mx\/index.php?rest_route=%2Fwp%2Fv2%2Fmedia&parent=63830"}],"wp:term":[{"taxonomy":"category","embeddable":true,"href":"https:\/\/zonaroja.com.mx\/index.php?rest_route=%2Fwp%2Fv2%2Fcategories&post=63830"},{"taxonomy":"post_tag","embeddable":true,"href":"https:\/\/zonaroja.com.mx\/index.php?rest_route=%2Fwp%2Fv2%2Ftags&post=63830"}],"curies":[{"name":"wp","href":"https:\/\/api.w.org\/{rel}","templated":true}]}}