{"id":63832,"date":"2024-01-02T13:30:00","date_gmt":"2024-01-02T19:30:00","guid":{"rendered":"http:\/\/www.zonaroja.com.mx\/?p=63832"},"modified":"2024-01-02T07:49:44","modified_gmt":"2024-01-02T13:49:44","slug":"antropologo-oaxaqueno-exhibe-coleccion-de-mascaras-en-el-casa","status":"publish","type":"post","link":"https:\/\/zonaroja.com.mx\/?p=63832","title":{"rendered":"Antrop\u00f3logo oaxaque\u00f1o exhibe colecci\u00f3n de m\u00e1scaras en el CaSa"},"content":{"rendered":"\n<p>Redacci\u00f3n\/Zona Roja.<\/p>\n\n\n\n<p>Oaxaca de Ju\u00e1rez, Oax., a 2 de enero de 2024.- El antrop\u00f3logo oaxaque\u00f1o Ren\u00e9 Bustamante ha logrado conformar en los \u00faltimos 50 a\u00f1os una de las colecciones m\u00e1s importantes de m\u00e1scaras mexicanas, una parte de ella integra la exposici\u00f3n \u201cRostros Atemporales. Evoluci\u00f3n y permanencia de las danzas y m\u00e1scaras mexicanas\u201d, que se exhibe en la galer\u00eda Planta baja del Centro de las Artes de San Agust\u00edn (CaSa) desde el mes de diciembre y hasta al 28 de abril de 2024.<\/p>\n\n\n\n<p>En la exposici\u00f3n se encuentra la primera m\u00e1scara que adquiri\u00f3 hace cinco d\u00e9cadas y con la cual inici\u00f3 su colecci\u00f3n, se trata de una pieza que tiene alrededor de 170 a\u00f1os, es de Corralero, Oaxaca, en la Costa chica, la usaban para la Danza de los Pescadores y representa a un caim\u00e1n.<\/p>\n\n\n\n<p>Bustamante mencion\u00f3 que \u00abel impacto m\u00e1s fuerte que producen las danzas y m\u00e1scaras mexicanas, aparte de su fuerza est\u00e9tica, es la extraordinaria variedad de ellas. Las m\u00e1scaras tambi\u00e9n permiten expresar miedos, fantas\u00edas o hechos hist\u00f3ricos concretos, o actuar fuera de los convencionalismos sociales, culturales o religiosos. Resuelven dilemas y rompen tab\u00faes, estableciendo otras formas de comunicaci\u00f3n\u201d.<\/p>\n\n\n\n<p>Coment\u00f3 que muchas veces los mismos danzantes realizan sus m\u00e1scaras, pero a veces hay uno o dos talladores en los pueblos, \u201caunque es algo que se est\u00e1 acabando, los talladores de m\u00e1scaras, los que hay est\u00e1n para satisfacer al mercado, hacen m\u00e1scaras para vender en tiendas y te das cuenta porque hay diferencias tremendas a las que se usan en las ceremonias, cada pueblo y cada lugar tiene sus propias din\u00e1micas\u201d, mencion\u00f3.<\/p>\n\n\n\n<p>Sobre los temas que abordan en las danzas, Bustamante dijo que existe una gran variedad, hasta este momento lleva 88 temas documentados. Y una de las danzas m\u00e1s populares en el pa\u00eds es la de Conquista.<\/p>\n\n\n\n<p>En la exposici\u00f3n tambi\u00e9n se incluyen m\u00e1scaras que son utilizadas en danzas que tienen lugar durante el D\u00eda de Muertos, as\u00ed como danzas de los diablos, personajes que Bustamante considera tienen un papel importante en las comunidades, \u201cporque el diablo es el que puede hacer lo que sea\u201d.<\/p>\n\n\n\n<p>Ren\u00e9 Bustamante lament\u00f3 que varias danzas se est\u00e9n acabando r\u00e1pidamente, por lo que se ha enfocado en documentarlas.<\/p>\n\n\n\n<p>\u201cRostros Atemporales. Evoluci\u00f3n y permanencia de las danzas y m\u00e1scaras mexicanas\u201d, indic\u00f3 Bustamante, es una exposici\u00f3n que le deb\u00eda al CaSa, \u201ctodas las exposiciones que he tenido aqu\u00ed en realidad se pensaban de mucho tiempo atr\u00e1s con Francisco Toledo y finalmente se han realizado\u201d, concluy\u00f3.<\/p>\n","protected":false},"excerpt":{"rendered":"<p>Redacci\u00f3n\/Zona Roja. Oaxaca de Ju\u00e1rez, Oax., a 2 de enero de 2024.- El antrop\u00f3logo oaxaque\u00f1o&hellip;<\/p>\n","protected":false},"author":2,"featured_media":63833,"comment_status":"closed","ping_status":"open","sticky":false,"template":"","format":"standard","meta":{"_lmt_disableupdate":"","_lmt_disable":"","_jetpack_memberships_contains_paid_content":false,"footnotes":""},"categories":[109,46],"tags":[1148],"class_list":["post-63832","post","type-post","status-publish","format-standard","has-post-thumbnail","hentry","category-minuto-a-minuto","category-zona-blanca","tag-centro-de-las-artes-san-agustin-casa"],"jetpack_featured_media_url":"https:\/\/zonaroja.com.mx\/wp-content\/uploads\/2024\/01\/Exhibe-el-CaSa-coleccion-de-mascaras-mexicanas-que-da-cuenta-de-las-danzas-de-los-pueblos-7.jpeg","jetpack_sharing_enabled":true,"_links":{"self":[{"href":"https:\/\/zonaroja.com.mx\/index.php?rest_route=\/wp\/v2\/posts\/63832","targetHints":{"allow":["GET"]}}],"collection":[{"href":"https:\/\/zonaroja.com.mx\/index.php?rest_route=\/wp\/v2\/posts"}],"about":[{"href":"https:\/\/zonaroja.com.mx\/index.php?rest_route=\/wp\/v2\/types\/post"}],"author":[{"embeddable":true,"href":"https:\/\/zonaroja.com.mx\/index.php?rest_route=\/wp\/v2\/users\/2"}],"replies":[{"embeddable":true,"href":"https:\/\/zonaroja.com.mx\/index.php?rest_route=%2Fwp%2Fv2%2Fcomments&post=63832"}],"version-history":[{"count":1,"href":"https:\/\/zonaroja.com.mx\/index.php?rest_route=\/wp\/v2\/posts\/63832\/revisions"}],"predecessor-version":[{"id":63834,"href":"https:\/\/zonaroja.com.mx\/index.php?rest_route=\/wp\/v2\/posts\/63832\/revisions\/63834"}],"wp:featuredmedia":[{"embeddable":true,"href":"https:\/\/zonaroja.com.mx\/index.php?rest_route=\/wp\/v2\/media\/63833"}],"wp:attachment":[{"href":"https:\/\/zonaroja.com.mx\/index.php?rest_route=%2Fwp%2Fv2%2Fmedia&parent=63832"}],"wp:term":[{"taxonomy":"category","embeddable":true,"href":"https:\/\/zonaroja.com.mx\/index.php?rest_route=%2Fwp%2Fv2%2Fcategories&post=63832"},{"taxonomy":"post_tag","embeddable":true,"href":"https:\/\/zonaroja.com.mx\/index.php?rest_route=%2Fwp%2Fv2%2Ftags&post=63832"}],"curies":[{"name":"wp","href":"https:\/\/api.w.org\/{rel}","templated":true}]}}