{"id":63835,"date":"2024-01-03T09:30:00","date_gmt":"2024-01-03T15:30:00","guid":{"rendered":"http:\/\/www.zonaroja.com.mx\/?p=63835"},"modified":"2024-01-02T20:02:30","modified_gmt":"2024-01-03T02:02:30","slug":"organismo-litigo-estrategico-promueve-amparo-contra-eleccion-de-magistrados","status":"publish","type":"post","link":"https:\/\/zonaroja.com.mx\/?p=63835","title":{"rendered":"Organismo Litigo Estrat\u00e9gico promueve amparo contra elecci\u00f3n de magistrados"},"content":{"rendered":"\n<p>Raymundo Morales\/Zona Roja.<\/p>\n\n\n\n<p>Oaxaca de Ju\u00e1rez, Oax., a 3 de enero de 2024.- Una representante de la asociaci\u00f3n civil Litigio Estrat\u00e9gico Ind\u00edgena promovi\u00f3 un amparo en contra de las normas constitucionales locales y la designaci\u00f3n de magistradas realizada por el titular del Ejecutivo del estado de Oaxaca.<\/p>\n\n\n\n<p>En un comunicado, detall\u00f3 que el 22 de marzo de 2021 se public\u00f3 una convocatoria del entonces gobernador de Oaxaca para ocupar dos vacantes de magistrada o magistrado en el Tribunal de Justicia del Estado de Oaxaca. Una jueza de Oaxaca decidi\u00f3 participar.<\/p>\n\n\n\n<p>\u201cDespu\u00e9s de llevarse a cabo los ex\u00e1menes de oposici\u00f3n, remitieron al gobernador, una lista de ocho mujeres y otra de ocho hombres, con la finalidad de que se emitiera una terna de mujeres y que uno de los nombramientos fuera para una mujer. Entre las ocho mujeres seleccionadas iba la jueza quien labora en el Poder Judicial de Oaxaca\u201d.<\/p>\n\n\n\n<p>Rese\u00f1\u00f3 que el 20 de abril de 2021, una Comisi\u00f3n de la 64 Legislatura del Congreso del Estado de Oaxaca recibi\u00f3 la comparecencia de los seis aspirantes.&nbsp;<\/p>\n\n\n\n<p>El 4 de mayo de 2021, el gobernador de Oaxaca (Alejandro Murat Hinojosa), \u201csin ning\u00fan respeto por la paridad de g\u00e9nero nombr\u00f3 a dos hombres como magistrados excluyendo a la jueza quejosa\u201d.<\/p>\n\n\n\n<p>Agreg\u00f3 que, tomando en consideraci\u00f3n que de 28 magistrados que integran la totalidad del pleno del Tribunal Superior de Justicia 21 son varones y solo siete son mujeres el titular del Ejecutivo, al designar a dos hombres m\u00e1s como magistrados, viol\u00f3 la paridad de g\u00e9nero.&nbsp;<\/p>\n\n\n\n<p>\u201cAdem\u00e1s, el gobernador no tom\u00f3 en cuenta la carrera judicial, pues las dos personas designadas no tienen experiencia ni formaci\u00f3n en la administraci\u00f3n de justicia\u201d.<\/p>\n\n\n\n<p>Por lo anterior, la jueza representada por Litigio Estrat\u00e9gico Ind\u00edgena promovi\u00f3 un amparo contra de las normas constitucionales locales y la designaci\u00f3n del titular del Ejecutivo anterior.<\/p>\n\n\n\n<p>Y ante la ineficacia del sistema judicial mexicano para remediar ese tipo de violaciones, expuso que actualmente se han presentado peticiones ante el Sistema Interamericano y ante el Relator de Independencia Judicial de la ONU.<\/p>\n\n\n\n<p>\u201cEste litigio tiene como prop\u00f3sito que las mujeres accedan a los cargos de poder y de toma de decisi\u00f3n, con la finalidad de que podamos configurar una realidad equitativa. Y tambi\u00e9n que se respete la divisi\u00f3n de poderes del Estado para que realmente vivamos una realidad con respecto a la independencia judicial. Y ser\u00e1 un precedente para ir construy\u00e9ndolo en el pa\u00eds un sistema de justicia m\u00e1s igualitario\u201d, indic\u00f3.<\/p>\n","protected":false},"excerpt":{"rendered":"<p>Raymundo Morales\/Zona Roja. Oaxaca de Ju\u00e1rez, Oax., a 3 de enero de 2024.- Una representante&hellip;<\/p>\n","protected":false},"author":2,"featured_media":47612,"comment_status":"closed","ping_status":"open","sticky":false,"template":"","format":"standard","meta":{"_lmt_disableupdate":"","_lmt_disable":"","_jetpack_memberships_contains_paid_content":false,"footnotes":""},"categories":[109,46],"tags":[897],"class_list":["post-63835","post","type-post","status-publish","format-standard","has-post-thumbnail","hentry","category-minuto-a-minuto","category-zona-blanca","tag-litigio-estrategico-indigena"],"jetpack_featured_media_url":"https:\/\/zonaroja.com.mx\/wp-content\/uploads\/2022\/11\/Tribunal-Superior-Oaxaca-Poder-Judicial.jpeg","jetpack_sharing_enabled":true,"_links":{"self":[{"href":"https:\/\/zonaroja.com.mx\/index.php?rest_route=\/wp\/v2\/posts\/63835","targetHints":{"allow":["GET"]}}],"collection":[{"href":"https:\/\/zonaroja.com.mx\/index.php?rest_route=\/wp\/v2\/posts"}],"about":[{"href":"https:\/\/zonaroja.com.mx\/index.php?rest_route=\/wp\/v2\/types\/post"}],"author":[{"embeddable":true,"href":"https:\/\/zonaroja.com.mx\/index.php?rest_route=\/wp\/v2\/users\/2"}],"replies":[{"embeddable":true,"href":"https:\/\/zonaroja.com.mx\/index.php?rest_route=%2Fwp%2Fv2%2Fcomments&post=63835"}],"version-history":[{"count":2,"href":"https:\/\/zonaroja.com.mx\/index.php?rest_route=\/wp\/v2\/posts\/63835\/revisions"}],"predecessor-version":[{"id":63854,"href":"https:\/\/zonaroja.com.mx\/index.php?rest_route=\/wp\/v2\/posts\/63835\/revisions\/63854"}],"wp:featuredmedia":[{"embeddable":true,"href":"https:\/\/zonaroja.com.mx\/index.php?rest_route=\/wp\/v2\/media\/47612"}],"wp:attachment":[{"href":"https:\/\/zonaroja.com.mx\/index.php?rest_route=%2Fwp%2Fv2%2Fmedia&parent=63835"}],"wp:term":[{"taxonomy":"category","embeddable":true,"href":"https:\/\/zonaroja.com.mx\/index.php?rest_route=%2Fwp%2Fv2%2Fcategories&post=63835"},{"taxonomy":"post_tag","embeddable":true,"href":"https:\/\/zonaroja.com.mx\/index.php?rest_route=%2Fwp%2Fv2%2Ftags&post=63835"}],"curies":[{"name":"wp","href":"https:\/\/api.w.org\/{rel}","templated":true}]}}