{"id":63839,"date":"2024-01-02T16:00:00","date_gmt":"2024-01-02T22:00:00","guid":{"rendered":"http:\/\/www.zonaroja.com.mx\/?p=63839"},"modified":"2024-01-02T08:08:06","modified_gmt":"2024-01-02T14:08:06","slug":"entra-en-vigor-decreto-del-legislativo-que-cancela-cuotas-para-estudiantes","status":"publish","type":"post","link":"https:\/\/zonaroja.com.mx\/?p=63839","title":{"rendered":"Entra en vigor decreto del Legislativo que cancela cuotas para estudiantes"},"content":{"rendered":"\n<p>Redacci\u00f3n\/Zona Roja.<\/p>\n\n\n\n<p>Oaxaca de Ju\u00e1rez, Oax., a 2 de enero de 2024.- El pleno de la 65 Legislatura aprob\u00f3 recientemente con 40 votos a favor el proyecto de decreto por el que reforma, adiciona y deroga diversas disposiciones de la Ley Estatal de Derechos de Oaxaca, con el fin de combatir la deserci\u00f3n escolar en el nivel medio superior y superior.&nbsp;<\/p>\n\n\n\n<p>Con la modificaci\u00f3n a los art\u00edculos 50, 51, 52, 53, 54, 55, 56 y 57, de dicha ley, las y los estudiantes del nivel medio superior no cubrir\u00e1n las cuotas de inscripci\u00f3n y reinscripci\u00f3n en planteles del Instituto de Estudios de Bachillerato de Oaxaca (IEBO); Colegio de Bachilleres del Estado de Oaxaca (Cobao) y Colegio de Estudios Cient\u00edficos y Tecnol\u00f3gicos del Estado de Oaxaca (Cecyte).&nbsp;<\/p>\n\n\n\n<p>Asimismo, en educaci\u00f3n superior no habr\u00e1 cuotas de inscripci\u00f3n y reinscripci\u00f3n en la Universidad Tecnol\u00f3gica de la Sierra Sur de Oaxaca; en el Instituto Tecnol\u00f3gico Superior de San Miguel El Grande; en la Universidad Tecnol\u00f3gica de los Valles Centrales de Oaxaca; en la Universidad Polit\u00e9cnica de Nochixtl\u00e1n \u00abAbraham Castellanos\u00bb y en las instituciones del Sistema de Universidades Estatales.<\/p>\n\n\n\n<p>Con la aprobaci\u00f3n de dicha reforma, el diputado Sergio L\u00f3pez S\u00e1nchez, presidente de la Junta de Coordinaci\u00f3n Pol\u00edtica (Jucopo), destac\u00f3 que esta iniciativa es para apoyar a las y los j\u00f3venes para que contin\u00faen con sus estudios, y as\u00ed evitar la deserci\u00f3n escolar. &nbsp;<\/p>\n\n\n\n<p>\u00abSe consider\u00f3 que no paguen un solo peso m\u00e1s a partir del primero de enero en lo que tiene que ver con los subsistemas de educaci\u00f3n media superior de Oaxaca, Cobao, Cecyte, IEBO\u201d.<\/p>\n\n\n\n<p>En ese sentido, el diputado No\u00e9 Doroteo Castillejos, abon\u00f3 tambi\u00e9n que, en el nivel medio superior es donde mayor deserci\u00f3n escolar existe, por lo que es fundamental apoyar a las y los estudiantes en el pago de inscripci\u00f3n y reinscripci\u00f3n, a fin de apoyar a las familias oaxaque\u00f1as con este gasto.&nbsp;<\/p>\n\n\n\n<p>\u00abEs el nivel en el que mayor deserci\u00f3n escolar se presenta, alcanza \u00edndices del 10 al 15% mucho m\u00e1s que en primaria o secundaria, recordemos que es ah\u00ed el eslab\u00f3n fr\u00e1gil para despu\u00e9s llegar a niveles de licenciatura o profesionales, por eso es que es tan importante que los j\u00f3venes de bachillerato est\u00e9n exentos de cobro de inscripciones o reinscripciones\u00bb, puntualiz\u00f3.&nbsp;<\/p>\n\n\n\n<p>Este decreto entr\u00f3 en vigor a partir de este 1 de enero de 2024, y forma parte del Paquete Econ\u00f3mico aprobado para Oaxaca para el ejercicio fiscal que comienza.<\/p>\n","protected":false},"excerpt":{"rendered":"<p>Redacci\u00f3n\/Zona Roja. Oaxaca de Ju\u00e1rez, Oax., a 2 de enero de 2024.- El pleno de&hellip;<\/p>\n","protected":false},"author":2,"featured_media":63840,"comment_status":"closed","ping_status":"open","sticky":false,"template":"","format":"standard","meta":{"_lmt_disableupdate":"","_lmt_disable":"","_jetpack_memberships_contains_paid_content":false,"footnotes":""},"categories":[109,46],"tags":[2743],"class_list":["post-63839","post","type-post","status-publish","format-standard","has-post-thumbnail","hentry","category-minuto-a-minuto","category-zona-blanca","tag-65-legislatura-del-estado-de-oaxaca"],"jetpack_featured_media_url":"https:\/\/zonaroja.com.mx\/wp-content\/uploads\/2024\/01\/Estudiantes-Cobao.jpeg","jetpack_sharing_enabled":true,"_links":{"self":[{"href":"https:\/\/zonaroja.com.mx\/index.php?rest_route=\/wp\/v2\/posts\/63839","targetHints":{"allow":["GET"]}}],"collection":[{"href":"https:\/\/zonaroja.com.mx\/index.php?rest_route=\/wp\/v2\/posts"}],"about":[{"href":"https:\/\/zonaroja.com.mx\/index.php?rest_route=\/wp\/v2\/types\/post"}],"author":[{"embeddable":true,"href":"https:\/\/zonaroja.com.mx\/index.php?rest_route=\/wp\/v2\/users\/2"}],"replies":[{"embeddable":true,"href":"https:\/\/zonaroja.com.mx\/index.php?rest_route=%2Fwp%2Fv2%2Fcomments&post=63839"}],"version-history":[{"count":1,"href":"https:\/\/zonaroja.com.mx\/index.php?rest_route=\/wp\/v2\/posts\/63839\/revisions"}],"predecessor-version":[{"id":63841,"href":"https:\/\/zonaroja.com.mx\/index.php?rest_route=\/wp\/v2\/posts\/63839\/revisions\/63841"}],"wp:featuredmedia":[{"embeddable":true,"href":"https:\/\/zonaroja.com.mx\/index.php?rest_route=\/wp\/v2\/media\/63840"}],"wp:attachment":[{"href":"https:\/\/zonaroja.com.mx\/index.php?rest_route=%2Fwp%2Fv2%2Fmedia&parent=63839"}],"wp:term":[{"taxonomy":"category","embeddable":true,"href":"https:\/\/zonaroja.com.mx\/index.php?rest_route=%2Fwp%2Fv2%2Fcategories&post=63839"},{"taxonomy":"post_tag","embeddable":true,"href":"https:\/\/zonaroja.com.mx\/index.php?rest_route=%2Fwp%2Fv2%2Ftags&post=63839"}],"curies":[{"name":"wp","href":"https:\/\/api.w.org\/{rel}","templated":true}]}}