{"id":63843,"date":"2024-01-02T13:10:20","date_gmt":"2024-01-02T19:10:20","guid":{"rendered":"http:\/\/www.zonaroja.com.mx\/?p=63843"},"modified":"2024-01-02T13:10:21","modified_gmt":"2024-01-02T19:10:21","slug":"fiscalia-de-oaxaca-e-instituciones-federales-detienen-a-defraudador-de-la-cruz-azul","status":"publish","type":"post","link":"https:\/\/zonaroja.com.mx\/?p=63843","title":{"rendered":"Fiscal\u00eda de Oaxaca e instituciones federales detienen a defraudador de la Cruz Azul"},"content":{"rendered":"\n<p>Ismael Garc\u00eda M.\/Zona Roja. <\/p>\n\n\n\n<p>Oaxaca de Ju\u00e1rez, Oax., 2 de enero de 2023.- La Fiscal\u00eda General del Estado de Oaxaca e instituciones federales detuvieron en la regi\u00f3n del Istmo a Humberto Guadalupe T. G., por el delito de Asociaci\u00f3n Delictuosa en agravio de la Cooperativa Cruz Azul.<\/p>\n\n\n\n<p>En un comunicado, la instancia que encabeza Bernardo Rodr\u00edguez Alamilla inform\u00f3 que tras una orden del juez, efectu\u00f3 varios cateos en el municipio de El Barrio de la Soledad, junto con la Secretar\u00eda de la Defensa Nacional (Sedena), Guardia Nacional  (GN) y Polic\u00eda Estatal de Oaxaca.<\/p>\n\n\n\n<p>Ello en atenci\u00f3n a una solicitud de colaboraci\u00f3n interinstitucional para fortalecer la estrategia de seguridad y procuraci\u00f3n de justicia nacional.<\/p>\n\n\n\n<p>Durante el operativo, desplegaron la acci\u00f3n policial de manera simult\u00e1nea en tres domicilios durante la noche del primero de enero de 2024.<\/p>\n\n\n\n<p>Como resultado del operativo, se logr\u00f3 la detenci\u00f3n de Humberto Guadalupe T. G., por el delito de Asociaci\u00f3n Delictuosa en agravio de la Cooperativa Cruz Azul S.A de C.V., a solicitud de las autoridades correspondientes de la Ciudad de M\u00e9xico.<\/p>\n\n\n\n<p>Indic\u00f3 que te as la ejecuci\u00f3n del cateo y la orden de aprehensi\u00f3n, el imputado ser\u00e1 trasladado de forma inmediata a la ciudad de Oaxaca, con el fin de ser entregado al personal de la Fiscal\u00eda General de la Ciudad de M\u00e9xico.<\/p>\n","protected":false},"excerpt":{"rendered":"<p>Ismael Garc\u00eda M.\/Zona Roja. Oaxaca de Ju\u00e1rez, Oax., 2 de enero de 2023.- La Fiscal\u00eda&hellip;<\/p>\n","protected":false},"author":2,"featured_media":63842,"comment_status":"closed","ping_status":"open","sticky":false,"template":"","format":"standard","meta":{"_lmt_disableupdate":"","_lmt_disable":"","_jetpack_memberships_contains_paid_content":false,"footnotes":""},"categories":[109,46],"tags":[],"class_list":["post-63843","post","type-post","status-publish","format-standard","has-post-thumbnail","hentry","category-minuto-a-minuto","category-zona-blanca"],"jetpack_featured_media_url":"https:\/\/zonaroja.com.mx\/wp-content\/uploads\/2024\/01\/2348c49f-c730-4dda-8063-3573e1fc80a4-1.jpg","jetpack_sharing_enabled":true,"_links":{"self":[{"href":"https:\/\/zonaroja.com.mx\/index.php?rest_route=\/wp\/v2\/posts\/63843","targetHints":{"allow":["GET"]}}],"collection":[{"href":"https:\/\/zonaroja.com.mx\/index.php?rest_route=\/wp\/v2\/posts"}],"about":[{"href":"https:\/\/zonaroja.com.mx\/index.php?rest_route=\/wp\/v2\/types\/post"}],"author":[{"embeddable":true,"href":"https:\/\/zonaroja.com.mx\/index.php?rest_route=\/wp\/v2\/users\/2"}],"replies":[{"embeddable":true,"href":"https:\/\/zonaroja.com.mx\/index.php?rest_route=%2Fwp%2Fv2%2Fcomments&post=63843"}],"version-history":[{"count":1,"href":"https:\/\/zonaroja.com.mx\/index.php?rest_route=\/wp\/v2\/posts\/63843\/revisions"}],"predecessor-version":[{"id":63844,"href":"https:\/\/zonaroja.com.mx\/index.php?rest_route=\/wp\/v2\/posts\/63843\/revisions\/63844"}],"wp:featuredmedia":[{"embeddable":true,"href":"https:\/\/zonaroja.com.mx\/index.php?rest_route=\/wp\/v2\/media\/63842"}],"wp:attachment":[{"href":"https:\/\/zonaroja.com.mx\/index.php?rest_route=%2Fwp%2Fv2%2Fmedia&parent=63843"}],"wp:term":[{"taxonomy":"category","embeddable":true,"href":"https:\/\/zonaroja.com.mx\/index.php?rest_route=%2Fwp%2Fv2%2Fcategories&post=63843"},{"taxonomy":"post_tag","embeddable":true,"href":"https:\/\/zonaroja.com.mx\/index.php?rest_route=%2Fwp%2Fv2%2Ftags&post=63843"}],"curies":[{"name":"wp","href":"https:\/\/api.w.org\/{rel}","templated":true}]}}