{"id":63847,"date":"2024-01-02T18:12:57","date_gmt":"2024-01-03T00:12:57","guid":{"rendered":"http:\/\/www.zonaroja.com.mx\/?p=63847"},"modified":"2024-01-02T18:12:58","modified_gmt":"2024-01-03T00:12:58","slug":"registra-oaxaca-los-primeros-bloqueos-de-vialidades-del-2024","status":"publish","type":"post","link":"https:\/\/zonaroja.com.mx\/?p=63847","title":{"rendered":"Registra Oaxaca los primeros bloqueos de vialidades del 2024"},"content":{"rendered":"\n<p>Raymundo Morales\/Zona Roja.<\/p>\n\n\n\n<p>Oaxaca de Ju\u00e1rez, Oax., a 2 de enero de 2024.- En el segundo d\u00eda del a\u00f1o, Oaxaca registr\u00f3 dos bloqueos de vialidades, en las regiones Istmo de Tehuantepec y Sierra Sur.<\/p>\n\n\n\n<p>Esta tarde, contin\u00faa el cierre de la carretera Trans\u00edstmica, a la altura del kil\u00f3metro 168+700, a la altura del paraje \u201cLas Malvinas\u201d, del municipio de San Juan Guichicovi.<\/p>\n\n\n\n<p>Son habitantes de diversas agencias del municipio de San Juan Mazatl\u00e1n Mixe, que insisten que se reconozca a sus autoridades municipales electas el pasado 28 de diciembre, pero la cual el Instituto Estatal Electoral y de Participaci\u00f3n Ciudadana de Oaxaca no aval\u00f3, por diversas irregularidades.<\/p>\n\n\n\n<p>Otra representaci\u00f3n de pobladores se encuentra en la capital, donde protestaron de manera moment\u00e1nea frente al Palacio de Gobierno, para insistir en que el ganador de la contienda fue Pl\u00e1cido Soler.<\/p>\n\n\n\n<p>De acuerdo con un comunicado que dieron a conocer hoy, insisten en que el IEEPCO respete la decisi\u00f3n de la comunidad y que se ratifique como edil a Antonio Santiago Le\u00f3n.<\/p>\n\n\n\n<p>Adem\u00e1s, piden que se inicie una investigaci\u00f3n en contra del se\u00f1or Soler, por falsificaci\u00f3n de actas y relaci\u00f3n de firmas de las comunidades que participaron en la asamblea.<\/p>\n\n\n\n<p>De la misma manera, que la Secretar\u00eda de Gobierno ratifique a Martina Caballero Garc\u00eda como comisionada municipal provisional, en tanto haya nueva asamblea para elegir a la autoridad formal.<\/p>\n\n\n\n<p>\u201cEn cualquier caso de injusticia o atropello a nuestros derechos comunales recurriremos persistentemente a la presi\u00f3n social\u201d, remarcan.<\/p>\n\n\n\n<p>Por otra parte, en el centro de Miahuatl\u00e1n de Porfirio D\u00edaz, municipio de la regi\u00f3n Sierra Sur, un grupo de comerciantes ambulantes cerr\u00f3 dos calles.<\/p>\n\n\n\n<p>Lo anterior debido a un conflicto con concesionarios y choferes de unidades de transporte de pasaje y carga, que aseguran invaden sus lugares de trabajo.<\/p>\n\n\n\n<p>Por ello, mantienen su bloqueo en la calle 16 de Septiembre y en 5 de Mayo; el presidente municipal, Jos\u00e9 Alberto Mart\u00ednez Luna, militante de la organizaci\u00f3n Frente Popular Revolucionario, no ha logrado conciliar y resolver la problem\u00e1tica.<\/p>\n","protected":false},"excerpt":{"rendered":"<p>Raymundo Morales\/Zona Roja. Oaxaca de Ju\u00e1rez, Oax., a 2 de enero de 2024.- En el&hellip;<\/p>\n","protected":false},"author":2,"featured_media":63848,"comment_status":"closed","ping_status":"open","sticky":false,"template":"","format":"standard","meta":{"_lmt_disableupdate":"","_lmt_disable":"","_jetpack_memberships_contains_paid_content":false,"footnotes":""},"categories":[109,47],"tags":[2264],"class_list":["post-63847","post","type-post","status-publish","format-standard","has-post-thumbnail","hentry","category-minuto-a-minuto","category-zona-gris","tag-bloqueos-y-protestas-oaxaca"],"jetpack_featured_media_url":"https:\/\/zonaroja.com.mx\/wp-content\/uploads\/2024\/01\/Bloqueo-Transistimica-San-Juan-Mazatlan-Mixe.jpg","jetpack_sharing_enabled":true,"_links":{"self":[{"href":"https:\/\/zonaroja.com.mx\/index.php?rest_route=\/wp\/v2\/posts\/63847","targetHints":{"allow":["GET"]}}],"collection":[{"href":"https:\/\/zonaroja.com.mx\/index.php?rest_route=\/wp\/v2\/posts"}],"about":[{"href":"https:\/\/zonaroja.com.mx\/index.php?rest_route=\/wp\/v2\/types\/post"}],"author":[{"embeddable":true,"href":"https:\/\/zonaroja.com.mx\/index.php?rest_route=\/wp\/v2\/users\/2"}],"replies":[{"embeddable":true,"href":"https:\/\/zonaroja.com.mx\/index.php?rest_route=%2Fwp%2Fv2%2Fcomments&post=63847"}],"version-history":[{"count":1,"href":"https:\/\/zonaroja.com.mx\/index.php?rest_route=\/wp\/v2\/posts\/63847\/revisions"}],"predecessor-version":[{"id":63849,"href":"https:\/\/zonaroja.com.mx\/index.php?rest_route=\/wp\/v2\/posts\/63847\/revisions\/63849"}],"wp:featuredmedia":[{"embeddable":true,"href":"https:\/\/zonaroja.com.mx\/index.php?rest_route=\/wp\/v2\/media\/63848"}],"wp:attachment":[{"href":"https:\/\/zonaroja.com.mx\/index.php?rest_route=%2Fwp%2Fv2%2Fmedia&parent=63847"}],"wp:term":[{"taxonomy":"category","embeddable":true,"href":"https:\/\/zonaroja.com.mx\/index.php?rest_route=%2Fwp%2Fv2%2Fcategories&post=63847"},{"taxonomy":"post_tag","embeddable":true,"href":"https:\/\/zonaroja.com.mx\/index.php?rest_route=%2Fwp%2Fv2%2Ftags&post=63847"}],"curies":[{"name":"wp","href":"https:\/\/api.w.org\/{rel}","templated":true}]}}