{"id":63855,"date":"2024-01-03T06:44:20","date_gmt":"2024-01-03T12:44:20","guid":{"rendered":"http:\/\/www.zonaroja.com.mx\/?p=63855"},"modified":"2024-01-03T06:44:22","modified_gmt":"2024-01-03T12:44:22","slug":"con-aumento-salarial-celebra-santa-lucia-del-camino-a-policias","status":"publish","type":"post","link":"https:\/\/zonaroja.com.mx\/?p=63855","title":{"rendered":"Con aumento salarial celebra Santa Luc\u00eda del Camino a polic\u00edas"},"content":{"rendered":"\n<p>Redacci\u00f3n\/Zona Roja.<\/p>\n\n\n\n<p>Oaxaca de Ju\u00e1rez, Oax., a 3 de enero de 2024.- Con el anuncio de un segundo aumento salarial festej\u00f3 el ayuntamiento de Santa Luc\u00eda del Camino a los polic\u00edas municipales.<\/p>\n\n\n\n<p>El presidente Juan Carlos Garc\u00eda M\u00e1rquez encabez\u00f3 ayer la conmemoraci\u00f3n del D\u00eda de la y el Polic\u00eda, en que comparti\u00f3 con ellos una comida, para agradecer el compromiso de servir a la sociedad, al vigilar durante las 24 horas de los 365 d\u00edas del a\u00f1o.<\/p>\n\n\n\n<p>\u201cCon su trabajo y empe\u00f1o han transformado a nuestro municipio\u201d, les dijo al edil, al anunciar un incremento de 800 pesos a su sueldo, que comenzar\u00e1 a partir del 15 de febrero.&nbsp;<\/p>\n\n\n\n<p>Tambi\u00e9n, lanz\u00f3 la convocatoria para 25 elementos nuevos que deseen formar parte de la polic\u00eda municipal; se entreg\u00f3 insignias de ascenso de grado a dos elementos y se entreg\u00f3 Certificados Unicos Policiales (CUP) a tres elementos. En la celebraci\u00f3n hubo rifa de electrodom\u00e9sticos y equipo t\u00e1ctico.&nbsp;<\/p>\n\n\n\n<p>Finalmente pidi\u00f3 seguir trabajando por un mejor municipio y ser comprensivos con las y los ciudadanos y duros y estrictos con los delincuentes.<\/p>\n\n\n\n<p>De acuerdo con el propio edil y con base en datos del Secretariado Ejecutivo del Sistema Nacional de Seguridad P\u00fablica, Santa Luc\u00eda del Camino, municipio conurbado a la ciudad de Oaxaca, es uno de los m\u00e1s seguros de la entidad.<\/p>\n","protected":false},"excerpt":{"rendered":"<p>Redacci\u00f3n\/Zona Roja. Oaxaca de Ju\u00e1rez, Oax., a 3 de enero de 2024.- Con el anuncio&hellip;<\/p>\n","protected":false},"author":2,"featured_media":63856,"comment_status":"closed","ping_status":"open","sticky":false,"template":"","format":"standard","meta":{"_lmt_disableupdate":"","_lmt_disable":"","_jetpack_memberships_contains_paid_content":false,"footnotes":""},"categories":[109,46],"tags":[2533,337],"class_list":["post-63855","post","type-post","status-publish","format-standard","has-post-thumbnail","hentry","category-minuto-a-minuto","category-zona-blanca","tag-juan-carlos-garcia-marquez","tag-santa-lucia-del-camino"],"jetpack_featured_media_url":"https:\/\/zonaroja.com.mx\/wp-content\/uploads\/2024\/01\/Juan-Carlos-Garcia-Marquez-policias-Santa-Lucia.jpeg","jetpack_sharing_enabled":true,"_links":{"self":[{"href":"https:\/\/zonaroja.com.mx\/index.php?rest_route=\/wp\/v2\/posts\/63855","targetHints":{"allow":["GET"]}}],"collection":[{"href":"https:\/\/zonaroja.com.mx\/index.php?rest_route=\/wp\/v2\/posts"}],"about":[{"href":"https:\/\/zonaroja.com.mx\/index.php?rest_route=\/wp\/v2\/types\/post"}],"author":[{"embeddable":true,"href":"https:\/\/zonaroja.com.mx\/index.php?rest_route=\/wp\/v2\/users\/2"}],"replies":[{"embeddable":true,"href":"https:\/\/zonaroja.com.mx\/index.php?rest_route=%2Fwp%2Fv2%2Fcomments&post=63855"}],"version-history":[{"count":1,"href":"https:\/\/zonaroja.com.mx\/index.php?rest_route=\/wp\/v2\/posts\/63855\/revisions"}],"predecessor-version":[{"id":63857,"href":"https:\/\/zonaroja.com.mx\/index.php?rest_route=\/wp\/v2\/posts\/63855\/revisions\/63857"}],"wp:featuredmedia":[{"embeddable":true,"href":"https:\/\/zonaroja.com.mx\/index.php?rest_route=\/wp\/v2\/media\/63856"}],"wp:attachment":[{"href":"https:\/\/zonaroja.com.mx\/index.php?rest_route=%2Fwp%2Fv2%2Fmedia&parent=63855"}],"wp:term":[{"taxonomy":"category","embeddable":true,"href":"https:\/\/zonaroja.com.mx\/index.php?rest_route=%2Fwp%2Fv2%2Fcategories&post=63855"},{"taxonomy":"post_tag","embeddable":true,"href":"https:\/\/zonaroja.com.mx\/index.php?rest_route=%2Fwp%2Fv2%2Ftags&post=63855"}],"curies":[{"name":"wp","href":"https:\/\/api.w.org\/{rel}","templated":true}]}}