{"id":6386,"date":"2019-12-05T18:30:49","date_gmt":"2019-12-06T00:30:49","guid":{"rendered":"http:\/\/www.zonaroja.com.mx\/?p=6386"},"modified":"2019-12-07T06:26:42","modified_gmt":"2019-12-07T12:26:42","slug":"masacre-en-la-cuenca-4-ejecutados-entre-ellos-una-mujer-otro-en-la-costa","status":"publish","type":"post","link":"https:\/\/zonaroja.com.mx\/?p=6386","title":{"rendered":"Masacre en la Cuenca: 4 ejecutados, entre ellos una mujer; otro en la Costa"},"content":{"rendered":"\n<p>Ismael Garc\u00eda M.\/Zona Roja.<\/p>\n\n\n\n<p>Oaxaca de Ju\u00e1rez, Oax., 5 de diciembre de 2019.- Seis personas perdieron la vida de manera violenta este jueves en Oaxaca. <\/p>\n\n\n\n<p>Cuatro de los casos ocurrieron en la\nregi\u00f3n de la Cuenca del Papaloapan, entre ellos un probable feminicidio.<\/p>\n\n\n\n<p>Durante la ma\u00f1ana de hoy, en el camino\nlocal al Ejido Tacoteno, del municipio de San Juan Bautista Tuxtepec, fue\ndescubierto el cuerpo de una mujer.<\/p>\n\n\n\n<p>Presenta huellas de tortura y disparos\nde arma de fuego; fue identificada como Dolores Ram\u00f3n Ponce.<\/p>\n\n\n\n<p>Hasta el momento no hay indicios del o los probables agresores y en lo que va del a\u00f1o, suman 112 personas asesinadas en Tuxtepec, gobernada por Fernando Bautista D\u00e1vila, edil surgido del Partido Nueva Alianza y antes fue edil por dos a\u00f1os, bajo las siglas del Partido del Trabajo.<\/p>\n\n\n\n<figure class=\"wp-block-image\"><img decoding=\"async\" width=\"664\" height=\"498\" src=\"http:\/\/www.zonaroja.com.mx\/wp-content\/uploads\/2019\/12\/Ejecutados-Cuenca-1.jpg\" alt=\"\" class=\"wp-image-6388\" srcset=\"https:\/\/zonaroja.com.mx\/wp-content\/uploads\/2019\/12\/Ejecutados-Cuenca-1.jpg 664w, https:\/\/zonaroja.com.mx\/wp-content\/uploads\/2019\/12\/Ejecutados-Cuenca-1-300x225.jpg 300w, https:\/\/zonaroja.com.mx\/wp-content\/uploads\/2019\/12\/Ejecutados-Cuenca-1-585x439.jpg 585w\" sizes=\"(max-width: 664px) 100vw, 664px\" \/><\/figure>\n\n\n\n<p>Por otra parte, en el municipio de San\nMiguel Soyaltepec, tambi\u00e9n en la Cuenca, se reportaron tres asesinatos este\njueves.<\/p>\n\n\n\n<p>Dos cuerpos con varios disparos de arma\nde fuego y signo de ejecuci\u00f3n, fueron hallados en la localidad de Pescadito de en\nMedio; se hallaron junto a un taxi del municipio de Tierra Blanca, Veracruz.<\/p>\n\n\n\n<p>Horas m\u00e1s tarde se report\u00f3 otro crimen\nen un domicilio de la colonia Emiliano Zapata de Soyaltepec; la v\u00edctima fue identificada\nde manera preliminar como Roberto Sabino.<\/p>\n\n\n\n<p>En tanto, en la comunidad de Collantes,\ndel municipio de Pinotepa Nacional, un individuo de aproximadamente 65 a\u00f1os de\nedad fue muerto con arma cortocontundente (machete); el cuerpo fue hallado en\nel transcurso de la ma\u00f1ana y a\u00fan se desconoce al o los autores del asesinato y\npresuntamente ocurri\u00f3 tras una ri\u00f1a.<\/p>\n\n\n\n<p>En otro hecho ocurrido en la colonia\nLomas de Santa Cruz Xoxocotl\u00e1n, un hombre de 27 a\u00f1os de edad, perdi\u00f3 la vida a\ncausa de una descarga el\u00e9ctrica.<\/p>\n\n\n\n<p>Era chofer de una pipa que distribuye\nagua acudi\u00f3 a un servicio en la calle Luna n\u00famero 103, cuando al subir en la\nplanta alta con la mangueta, toc\u00f3 accidentalmente los cables de alta tensi\u00f3n,\npor lo cual recibi\u00f3 una descarga el\u00e9ctrica; fue identificado como Nicol\u00e1s\nAntonio Navarro Corrales, de 27 a\u00f1os de edad.<\/p>\n","protected":false},"excerpt":{"rendered":"<p>Ismael Garc\u00eda M.\/Zona Roja. Oaxaca de Ju\u00e1rez, Oax., 5 de diciembre de 2019.- Seis personas&hellip;<\/p>\n","protected":false},"author":2,"featured_media":6387,"comment_status":"closed","ping_status":"open","sticky":false,"template":"","format":"standard","meta":{"_lmt_disableupdate":"","_lmt_disable":"","_jetpack_memberships_contains_paid_content":false,"footnotes":""},"categories":[109,51],"tags":[118,1037],"class_list":["post-6386","post","type-post","status-publish","format-standard","has-post-thumbnail","hentry","category-minuto-a-minuto","category-zona-roja","tag-san-juan-bautista-tuxtepec","tag-san-miguel-soyaltepec"],"jetpack_featured_media_url":"https:\/\/zonaroja.com.mx\/wp-content\/uploads\/2019\/12\/Ejecutados-Cuenca-2.jpg","jetpack_sharing_enabled":true,"_links":{"self":[{"href":"https:\/\/zonaroja.com.mx\/index.php?rest_route=\/wp\/v2\/posts\/6386","targetHints":{"allow":["GET"]}}],"collection":[{"href":"https:\/\/zonaroja.com.mx\/index.php?rest_route=\/wp\/v2\/posts"}],"about":[{"href":"https:\/\/zonaroja.com.mx\/index.php?rest_route=\/wp\/v2\/types\/post"}],"author":[{"embeddable":true,"href":"https:\/\/zonaroja.com.mx\/index.php?rest_route=\/wp\/v2\/users\/2"}],"replies":[{"embeddable":true,"href":"https:\/\/zonaroja.com.mx\/index.php?rest_route=%2Fwp%2Fv2%2Fcomments&post=6386"}],"version-history":[{"count":2,"href":"https:\/\/zonaroja.com.mx\/index.php?rest_route=\/wp\/v2\/posts\/6386\/revisions"}],"predecessor-version":[{"id":6431,"href":"https:\/\/zonaroja.com.mx\/index.php?rest_route=\/wp\/v2\/posts\/6386\/revisions\/6431"}],"wp:featuredmedia":[{"embeddable":true,"href":"https:\/\/zonaroja.com.mx\/index.php?rest_route=\/wp\/v2\/media\/6387"}],"wp:attachment":[{"href":"https:\/\/zonaroja.com.mx\/index.php?rest_route=%2Fwp%2Fv2%2Fmedia&parent=6386"}],"wp:term":[{"taxonomy":"category","embeddable":true,"href":"https:\/\/zonaroja.com.mx\/index.php?rest_route=%2Fwp%2Fv2%2Fcategories&post=6386"},{"taxonomy":"post_tag","embeddable":true,"href":"https:\/\/zonaroja.com.mx\/index.php?rest_route=%2Fwp%2Fv2%2Ftags&post=6386"}],"curies":[{"name":"wp","href":"https:\/\/api.w.org\/{rel}","templated":true}]}}