{"id":63861,"date":"2024-01-03T09:00:00","date_gmt":"2024-01-03T15:00:00","guid":{"rendered":"http:\/\/www.zonaroja.com.mx\/?p=63861"},"modified":"2024-01-03T07:06:50","modified_gmt":"2024-01-03T13:06:50","slug":"policias-presuntamente-protegian-a-extorsionadores-en-la-cdmx","status":"publish","type":"post","link":"https:\/\/zonaroja.com.mx\/?p=63861","title":{"rendered":"Polic\u00edas presuntamente proteg\u00edan a extorsionadores en la Cdmx"},"content":{"rendered":"\n<p>Redacci\u00f3n\/Zona Roja Cdmx.<\/p>\n\n\n\n<p>Ciudad de M\u00e9xico, a 3 de enero de 2024.- Dos elementos del orden fueron identificados entre la banda de presuntos extorsionadores que operaba en la colonia Agr\u00edcola Oriental y que se enfrent\u00f3 ayer con la polic\u00eda capitalina.<\/p>\n\n\n\n<p>La balacera se registr\u00f3 la tarde de este martes en la colonia Iztacalco, dejando saldo de dos personas abatidas y siete civiles heridos. En el operativo fueron detenidas 10 personas y se aseguraron seis armas de fuego.<\/p>\n\n\n\n<p>La Secretar\u00eda de Seguridad Ciudadana inform\u00f3 que entre los 10 detenidos se encuentra un hombre que se identific\u00f3 como personal activo de la dependencia.<\/p>\n\n\n\n<p>La Direcci\u00f3n General de Asuntos Internos ya realiz\u00f3 su suspensi\u00f3n y se integra la carpeta de investigaci\u00f3n administrativa interna para colaborar con las autoridades.<\/p>\n\n\n\n<p>Por otro lado, preliminarmente se informa que uno de los dos presuntos criminales abatidos en la zona era polic\u00eda ministerial, integrante de la Fiscal\u00eda de la Ciudad de M\u00e9xico.<\/p>\n\n\n\n<p>El reporte difundido por ella reportero Carlos Jim\u00e9nez apunta que el agente ministerial daba protecci\u00f3n a la banda con ayuda de un veh\u00edculo oficial de la fiscal\u00eda, el cual qued\u00f3 abandonado en la zona de la balacera.<\/p>\n\n\n\n<p>EL OPERATIVO<\/p>\n\n\n\n<p>La polic\u00eda de la Ciudad de M\u00e9xico realizaba tareas de investigaci\u00f3n en el cruce de Sur 16 y Rojo G\u00f3mez de la colonia Agr\u00edcola Oriental, cuando observaron un veh\u00edculo color gris al que se daba seguimiento debido a su probable relaci\u00f3n con hechos delictivos.<\/p>\n\n\n\n<p>Seg\u00fan el parte oficial, al notar la presencia policial los criminales comenzaron a agredir con disparos de arma de fuego a los uniformados.<\/p>\n\n\n\n<p>\u201cAl ver en riesgo su vida, repelieron la agresi\u00f3n y solicitaron el apoyo de otros equipos de trabajo para brindar seguridad perimetral y evitar que los probables agresores huyeran del sitio\u201d.<\/p>\n\n\n\n<p>Fueron detenidos 10 hombres, a quienes les aseguraron seis armas de fuego cortas y diversos cartuchos \u00fatiles.<\/p>\n\n\n\n<p>FUEGO CRUZADO&nbsp;<\/p>\n\n\n\n<p>Un reporte de Foro TV apunta que entre las v\u00edctimas mortales se encuentra un comerciante de la zona.<\/p>\n\n\n\n<p>Param\u00e9dicos que arribaron al punto trasladaron a un hospital a un hombre de 49 a\u00f1os de edad que ten\u00eda una herida de bala en la espalda.<\/p>\n\n\n\n<p>Tambi\u00e9n fue atendido un hombre de 52 a\u00f1os con lesi\u00f3n en la rodilla derecha.<\/p>\n\n\n\n<p>Una menor de un a\u00f1o de edad registr\u00f3 lesi\u00f3n por arma de fuego en el hombro, aunque medios locales reportan que el balazo fue en el t\u00f3rax.<\/p>\n\n\n\n<p>Cuatro mujeres de 24, 49, 55 y 57 a\u00f1os de edad registraron heridas de bala, por lo que fueron referidas a distintos hospitales para su atenci\u00f3n m\u00e9dica especializada.<\/p>\n\n\n\n<p>(Informaci\u00f3n de Aristegui Noticias)<\/p>\n","protected":false},"excerpt":{"rendered":"<p>Redacci\u00f3n\/Zona Roja Cdmx. Ciudad de M\u00e9xico, a 3 de enero de 2024.- Dos elementos del&hellip;<\/p>\n","protected":false},"author":2,"featured_media":63862,"comment_status":"closed","ping_status":"open","sticky":false,"template":"","format":"standard","meta":{"_lmt_disableupdate":"","_lmt_disable":"","_jetpack_memberships_contains_paid_content":false,"footnotes":""},"categories":[109,47],"tags":[],"class_list":["post-63861","post","type-post","status-publish","format-standard","has-post-thumbnail","hentry","category-minuto-a-minuto","category-zona-gris"],"jetpack_featured_media_url":"https:\/\/zonaroja.com.mx\/wp-content\/uploads\/2024\/01\/Balacera-Iztacalco-Cdmx.jpeg","jetpack_sharing_enabled":true,"_links":{"self":[{"href":"https:\/\/zonaroja.com.mx\/index.php?rest_route=\/wp\/v2\/posts\/63861","targetHints":{"allow":["GET"]}}],"collection":[{"href":"https:\/\/zonaroja.com.mx\/index.php?rest_route=\/wp\/v2\/posts"}],"about":[{"href":"https:\/\/zonaroja.com.mx\/index.php?rest_route=\/wp\/v2\/types\/post"}],"author":[{"embeddable":true,"href":"https:\/\/zonaroja.com.mx\/index.php?rest_route=\/wp\/v2\/users\/2"}],"replies":[{"embeddable":true,"href":"https:\/\/zonaroja.com.mx\/index.php?rest_route=%2Fwp%2Fv2%2Fcomments&post=63861"}],"version-history":[{"count":1,"href":"https:\/\/zonaroja.com.mx\/index.php?rest_route=\/wp\/v2\/posts\/63861\/revisions"}],"predecessor-version":[{"id":63863,"href":"https:\/\/zonaroja.com.mx\/index.php?rest_route=\/wp\/v2\/posts\/63861\/revisions\/63863"}],"wp:featuredmedia":[{"embeddable":true,"href":"https:\/\/zonaroja.com.mx\/index.php?rest_route=\/wp\/v2\/media\/63862"}],"wp:attachment":[{"href":"https:\/\/zonaroja.com.mx\/index.php?rest_route=%2Fwp%2Fv2%2Fmedia&parent=63861"}],"wp:term":[{"taxonomy":"category","embeddable":true,"href":"https:\/\/zonaroja.com.mx\/index.php?rest_route=%2Fwp%2Fv2%2Fcategories&post=63861"},{"taxonomy":"post_tag","embeddable":true,"href":"https:\/\/zonaroja.com.mx\/index.php?rest_route=%2Fwp%2Fv2%2Ftags&post=63861"}],"curies":[{"name":"wp","href":"https:\/\/api.w.org\/{rel}","templated":true}]}}