{"id":63876,"date":"2024-01-03T13:01:45","date_gmt":"2024-01-03T19:01:45","guid":{"rendered":"http:\/\/www.zonaroja.com.mx\/?p=63876"},"modified":"2024-01-03T19:49:51","modified_gmt":"2024-01-04T01:49:51","slug":"detiene-fiscalia-de-oaxaca-a-sujeto-acusado-de-violar-a-su-hija","status":"publish","type":"post","link":"https:\/\/zonaroja.com.mx\/?p=63876","title":{"rendered":"Detiene Fiscal\u00eda de Oaxaca a sujeto acusado de violar a su hija"},"content":{"rendered":"\n<p>Ismael Garc\u00eda M.\/Zona Roja<\/p>\n\n\n\n<p>Oaxaca de Ju\u00e1rez, Oax., a 3 de enero de 2024.- La&nbsp;Fiscal\u00eda General del Estado de Oaxaca (FGEO) aprehendi\u00f3 a Manuel Arturo G. M., acusado de violar a su propia hija.<\/p>\n\n\n\n<p>La semana pasada, la se\u00f1ora Dulce Citlalli O. B. denunci\u00f3 en caso en conferencia de prensa en la capital, en que afirm\u00f3 que el juez de la causa, V\u00edctor Jorge Luis Castellanos  determin\u00f3 que no eran suficientes las pruebas que present\u00f3 y por lo cual dej\u00f3 en libertad al acusado. <\/p>\n\n\n\n<p>Ante ello, y como resultado del trabajo con perspectiva de g\u00e9nero a favor de las ni\u00f1as, la Fiscal\u00eda ejecut\u00f3 una orden de aprehensi\u00f3n, por los delitos de Pederastia, Equiparado a la Violaci\u00f3n Agravada y Violaci\u00f3n Agravada, cometido en agravio de una ni\u00f1a en la regi\u00f3n de los Valles Centrales.<\/p>\n\n\n\n<p>En un comunicado, detall\u00f3 que, de&nbsp;acuerdo con lo asentado en el expediente penal, los hechos ocurrieron en diferentes fechas, entre febrero de 2022 y noviembre de 2023, es decir, desde que la v\u00edctima ten\u00eda 10 a\u00f1os y hasta que tuvo 12, cuando sufri\u00f3 diferentes agresiones sexuales.<\/p>\n\n\n\n<p>Fue en&nbsp;un domicilio particular localizado en la colonia Cieneguita, perteneciente al municipio de Cuil\u00e1pam de Guerrero, en que la menor fue violentada por&nbsp;la pareja sentimental de su madre.<\/p>\n\n\n\n<p>\u201cCuando la FGEO tom\u00f3 conocimiento del caso, inici\u00f3 las investigaciones correspondientes a trav\u00e9s de la Fiscal\u00eda Especializada para la Atenci\u00f3n a Delitos Contra la Mujer por Raz\u00f3n de G\u00e9nero que, luego de ordenar los trabajos m\u00e9dicos periciales estableci\u00f3 diferentes afectaciones tanto f\u00edsicas como psicol\u00f3gicas que padece la v\u00edctima, adem\u00e1s que reuni\u00f3 las pruebas suficientes para obtener una orden de aprehensi\u00f3n\u201d, indic\u00f3 la instituci\u00f3n.&nbsp;<\/p>\n\n\n\n<p>Por ello, elementos de la Agencia Estatal de Investigaciones (AEI) dieron con el paradero del imputado a quien detuvieron al ejecutar la orden de aprehensi\u00f3n correspondiente.<\/p>\n\n\n\n<p>Por lo tanto &nbsp;Manual Arturo G. M. fue puesto a disposici\u00f3n del Juez que lo requiri\u00f3, quien calific\u00f3 como legal la detenci\u00f3n e impuso la prisi\u00f3n preventiva justificada en tanto se lleva a cabo la siguiente audiencia.<\/p>\n\n\n\n<p>\u201cLa Fiscal\u00eda de Oaxaca cuenta con \u00e1reas especializadas y personal calificado para la atenci\u00f3n con perspectiva de g\u00e9nero a favor de las v\u00edctimas de cualquier delito cometido contra las mujeres, priorizando los trabajos ministeriales a favor de ni\u00f1as y adolescentes para que, a trav\u00e9s de los mecanismos de procuraci\u00f3n de justicia, se garantice una vida libre de violencia\u201d, expuso la instituci\u00f3n.&nbsp;<\/p>\n","protected":false},"excerpt":{"rendered":"<p>Ismael Garc\u00eda M.\/Zona Roja Oaxaca de Ju\u00e1rez, Oax., a 3 de enero de 2024.- La&nbsp;Fiscal\u00eda&hellip;<\/p>\n","protected":false},"author":2,"featured_media":63885,"comment_status":"closed","ping_status":"open","sticky":false,"template":"","format":"standard","meta":{"_lmt_disableupdate":"","_lmt_disable":"","_jetpack_memberships_contains_paid_content":false,"footnotes":""},"categories":[109,46],"tags":[],"class_list":["post-63876","post","type-post","status-publish","format-standard","has-post-thumbnail","hentry","category-minuto-a-minuto","category-zona-blanca"],"jetpack_featured_media_url":"https:\/\/zonaroja.com.mx\/wp-content\/uploads\/2024\/01\/Manuel-Arturo-G.-M.-violador.jpg","jetpack_sharing_enabled":true,"_links":{"self":[{"href":"https:\/\/zonaroja.com.mx\/index.php?rest_route=\/wp\/v2\/posts\/63876","targetHints":{"allow":["GET"]}}],"collection":[{"href":"https:\/\/zonaroja.com.mx\/index.php?rest_route=\/wp\/v2\/posts"}],"about":[{"href":"https:\/\/zonaroja.com.mx\/index.php?rest_route=\/wp\/v2\/types\/post"}],"author":[{"embeddable":true,"href":"https:\/\/zonaroja.com.mx\/index.php?rest_route=\/wp\/v2\/users\/2"}],"replies":[{"embeddable":true,"href":"https:\/\/zonaroja.com.mx\/index.php?rest_route=%2Fwp%2Fv2%2Fcomments&post=63876"}],"version-history":[{"count":1,"href":"https:\/\/zonaroja.com.mx\/index.php?rest_route=\/wp\/v2\/posts\/63876\/revisions"}],"predecessor-version":[{"id":63877,"href":"https:\/\/zonaroja.com.mx\/index.php?rest_route=\/wp\/v2\/posts\/63876\/revisions\/63877"}],"wp:featuredmedia":[{"embeddable":true,"href":"https:\/\/zonaroja.com.mx\/index.php?rest_route=\/wp\/v2\/media\/63885"}],"wp:attachment":[{"href":"https:\/\/zonaroja.com.mx\/index.php?rest_route=%2Fwp%2Fv2%2Fmedia&parent=63876"}],"wp:term":[{"taxonomy":"category","embeddable":true,"href":"https:\/\/zonaroja.com.mx\/index.php?rest_route=%2Fwp%2Fv2%2Fcategories&post=63876"},{"taxonomy":"post_tag","embeddable":true,"href":"https:\/\/zonaroja.com.mx\/index.php?rest_route=%2Fwp%2Fv2%2Ftags&post=63876"}],"curies":[{"name":"wp","href":"https:\/\/api.w.org\/{rel}","templated":true}]}}