{"id":63881,"date":"2024-01-03T19:44:14","date_gmt":"2024-01-04T01:44:14","guid":{"rendered":"http:\/\/www.zonaroja.com.mx\/?p=63881"},"modified":"2024-01-03T19:44:16","modified_gmt":"2024-01-04T01:44:16","slug":"rescatan-sanos-y-salvos-a-migrantes-secuestrados-en-tamaulipas","status":"publish","type":"post","link":"https:\/\/zonaroja.com.mx\/?p=63881","title":{"rendered":"Rescatan sanos y salvos a migrantes secuestrados en Tamaulipas"},"content":{"rendered":"\n<p>Redacci\u00f3n\/Zona Roja Cdmx.<\/p>\n\n\n\n<p>Ciudad de M\u00e9xico, a 3 de enero de 2024.- Luisa Mar\u00eda Alcalde, secretaria de Gobernaci\u00f3n, inform\u00f3 que se rescataron a los 31 migrantes secuestrados en Tamaulipas. A trav\u00e9s de redes sociales, la funcionaria detall\u00f3 que la informaci\u00f3n fue dada a conocer por el gobernador de la entidad, Am\u00e9rico Villarreal.<\/p>\n\n\n\n<p>\u201cAcaba de informarnos el gobernador Am\u00e9rico Villarreal que fueron rescatados sanos y salvos los 31 migrantes secuestrados en Tamaulipas. Gracias a las autoridades del estado, a la Guardia Nacional y a las Fuerzas Armadas\u201d, public\u00f3 Alcalde Luj\u00e1n.<\/p>\n\n\n\n<p>Mientras que Jes\u00fas Ram\u00edrez Cuevas coordinador general de Comunicaci\u00f3n Social de la Presidencia de la Rep\u00fablica, detall\u00f3 que existi\u00f3 una coordinaci\u00f3n entre el gobierno de Tamaulipas, la Fiscal\u00eda General del Estado, la Secretar\u00eda de la Defensa Nacional y la Secretar\u00eda de Seguridad y Protecci\u00f3n Ciudadana con lo cual se logr\u00f3 rescatar a las personas que fueron plagiadas el pasado 30 de diciembre y afirm\u00f3 que ya estaban en manos de las autoridades y se les estaban realizando revisiones m\u00e9dicas.<\/p>\n\n\n\n<p>Los 31 migrantes fueron raptados la tarde del s\u00e1bado 30 de diciembre cuando viajaban en un autob\u00fas por la autopista Reynosa-Matamoros, del estado de Tamaulipas, una de las rutas usadas por los migrantes para llegar a Estados Unidos.<\/p>\n\n\n\n<p>\u00abLa mayor\u00eda, al parecer, (son) venezolanos\u00bb, dijo el presidente mexicano Andr\u00e9s Manuel L\u00f3pez Obrador este mi\u00e9rcoles en su habitual conferencia matutina, y agreg\u00f3 que \u00abtambi\u00e9n hay colombianos\u00bb.<\/p>\n\n\n\n<p>El martes, el presidente de Colombia, Gustavo Petro, hab\u00eda dicho que hab\u00eda \u00abcuatro colombianos\u00bb entre los secuestrados.<\/p>\n\n\n\n<p>Hombres armados que llevaban pasamonta\u00f1as detuvieron el autob\u00fas y los obligaron a subirse a cinco camionetas, informaron las autoridades el martes.<\/p>\n\n\n\n<p>El autob\u00fas viajaba de Monterrey, Nuevo Le\u00f3n, a Matamoros, Tamaulipas, con 36 pasajeros.<\/p>\n\n\n\n<p>Los secuestradores permitieron a cinco pasajeros mexicanos y a los ch\u00f3feres continuar su camino hasta Matamoros.<\/p>\n\n\n\n<p>Con m\u00e1s de 3,000 km de frontera con Estados Unidos, M\u00e9xico es un pa\u00eds de tr\u00e1nsito y de retenci\u00f3n para migrantes, principalmente de pa\u00edses de Am\u00e9rica Central azotados por la violencia o la pobreza (Honduras, Guatemala, El Salvador), del Caribe (Hait\u00ed, Cuba) o de Venezuela, que chocan con las pol\u00edticas restrictivas de Estados Unidos.<\/p>\n\n\n\n<p>(Con informaci\u00f3n de AFP en \u201cEl Economista\u201d)<\/p>\n","protected":false},"excerpt":{"rendered":"<p>Redacci\u00f3n\/Zona Roja Cdmx. Ciudad de M\u00e9xico, a 3 de enero de 2024.- Luisa Mar\u00eda Alcalde,&hellip;<\/p>\n","protected":false},"author":2,"featured_media":63882,"comment_status":"closed","ping_status":"open","sticky":false,"template":"","format":"standard","meta":{"_lmt_disableupdate":"","_lmt_disable":"","_jetpack_memberships_contains_paid_content":false,"footnotes":""},"categories":[109,47],"tags":[207],"class_list":["post-63881","post","type-post","status-publish","format-standard","has-post-thumbnail","hentry","category-minuto-a-minuto","category-zona-gris","tag-migrantes-centroamericanos"],"jetpack_featured_media_url":"https:\/\/zonaroja.com.mx\/wp-content\/uploads\/2024\/01\/Liberan-a-secuestados-migrantes.jpeg","jetpack_sharing_enabled":true,"_links":{"self":[{"href":"https:\/\/zonaroja.com.mx\/index.php?rest_route=\/wp\/v2\/posts\/63881","targetHints":{"allow":["GET"]}}],"collection":[{"href":"https:\/\/zonaroja.com.mx\/index.php?rest_route=\/wp\/v2\/posts"}],"about":[{"href":"https:\/\/zonaroja.com.mx\/index.php?rest_route=\/wp\/v2\/types\/post"}],"author":[{"embeddable":true,"href":"https:\/\/zonaroja.com.mx\/index.php?rest_route=\/wp\/v2\/users\/2"}],"replies":[{"embeddable":true,"href":"https:\/\/zonaroja.com.mx\/index.php?rest_route=%2Fwp%2Fv2%2Fcomments&post=63881"}],"version-history":[{"count":1,"href":"https:\/\/zonaroja.com.mx\/index.php?rest_route=\/wp\/v2\/posts\/63881\/revisions"}],"predecessor-version":[{"id":63883,"href":"https:\/\/zonaroja.com.mx\/index.php?rest_route=\/wp\/v2\/posts\/63881\/revisions\/63883"}],"wp:featuredmedia":[{"embeddable":true,"href":"https:\/\/zonaroja.com.mx\/index.php?rest_route=\/wp\/v2\/media\/63882"}],"wp:attachment":[{"href":"https:\/\/zonaroja.com.mx\/index.php?rest_route=%2Fwp%2Fv2%2Fmedia&parent=63881"}],"wp:term":[{"taxonomy":"category","embeddable":true,"href":"https:\/\/zonaroja.com.mx\/index.php?rest_route=%2Fwp%2Fv2%2Fcategories&post=63881"},{"taxonomy":"post_tag","embeddable":true,"href":"https:\/\/zonaroja.com.mx\/index.php?rest_route=%2Fwp%2Fv2%2Ftags&post=63881"}],"curies":[{"name":"wp","href":"https:\/\/api.w.org\/{rel}","templated":true}]}}