{"id":63892,"date":"2024-01-04T08:30:00","date_gmt":"2024-01-04T14:30:00","guid":{"rendered":"http:\/\/www.zonaroja.com.mx\/?p=63892"},"modified":"2024-01-04T07:07:06","modified_gmt":"2024-01-04T13:07:06","slug":"atentados-durante-evento-masivo-dejan-103-muertos-en-iran","status":"publish","type":"post","link":"https:\/\/zonaroja.com.mx\/?p=63892","title":{"rendered":"Atentados durante evento masivo dejan 103 muertos en Ir\u00e1n"},"content":{"rendered":"\n<p>Redacci\u00f3n\/Zona Roja Cdmx. Foto: RFI.<\/p>\n\n\n\n<p>Ciudad de M\u00e9xico, a 4 de enero de 2024.- Dos explosiones con minutos de diferencia durante un evento para honrar a un importante general iran\u00ed asesinado en un ataque a\u00e9reo de Estados Unidos en 2020 han matado a por lo menos 103 personas y herido a 141, inform\u00f3 el mi\u00e9rcoles la prensa estatal iran\u00ed.<\/p>\n\n\n\n<p>Un funcionario de alto rango se\u00f1al\u00f3 que las explosiones hab\u00edan sido un ataque \u201cterrorista\u201d, sin dar detalles sobre qui\u00e9n podr\u00eda estar detr\u00e1s de ellos en medio de tensiones generalizadas en Medio Oriente por la guerra de Israel contra Ham\u00e1s en la Franja de Gaza. De momento, ning\u00fan grupo se atribuy\u00f3 la autor\u00eda.<\/p>\n\n\n\n<p>Las explosiones sacudieron un acto que conmemoraba el cuarto aniversario del asesinato del general Qassem Soleimani, jefe de la Fuerza Quds de la Guardia Revolucionaria, un grupo de \u00e9lite, que muri\u00f3 en un ataque estadounidense con drones en Irak en enero de 2020.&nbsp;<\/p>\n\n\n\n<p>Las explosiones se produjeron cerca de su tumba en Kerman, a unos 820 kil\u00f3metros al sureste de la capital, Teher\u00e1n.<\/p>\n\n\n\n<p>Las im\u00e1genes sugieren que la segunda explosi\u00f3n se produjo unos 15 minutos despu\u00e9s de la primera. Los extremistas suelen utilizar el retraso de la segunda explosi\u00f3n para atacar al personal de emergencia que acude al lugar de los hechos y causar m\u00e1s v\u00edctimas. En las im\u00e1genes de la televisi\u00f3n p\u00fablica se o\u00edan gritos.<\/p>\n\n\n\n<p>El vicegobernador de Kerman, Rahman Jalali, se\u00f1al\u00f3 que se trataba de un ataque \u201cterrorista\u201d sin proporcionar m\u00e1s detalles. Ir\u00e1n tiene varios enemigos que podr\u00edan estar detr\u00e1s de asalto, incluidos grupos exiliados, organizaciones milicianas y otros actores estatales. Ir\u00e1n apoya a Ham\u00e1s as\u00ed como a la milicia chi\u00ed libanesa Hezbol\u00e1 y a los rebeldes hut\u00edes.<\/p>\n\n\n\n<p>Soleimani fue el arquitecto de las actividades militares regionales de Ir\u00e1n y es considerado un \u00edcono nacional entre los partidarios de la teocracia del pa\u00eds. Tambi\u00e9n ayud\u00f3 a asegurar el gobierno del presidente sirio Bashar Assad luego de que las protestas de la Primavera \u00c1rabe en 2011 en su contra se volvi\u00f3 una guerra civil, que m\u00e1s tarde creci\u00f3 a una regional, que sigue hasta hoy en d\u00eda.<\/p>\n\n\n\n<p>La popularidad y misticismo de Soleimani, que era poco conocido en Ir\u00e1n hasta la invasi\u00f3n en 2003 de Estados Unidos de Irak, creci\u00f3 luego de que funcionarios estadounidenses pidieran su asesinato por su ayuda para armar a militantes con bombas penetrantes colocadas al borde de las carreteras que mataron y mutilaron a tropas estadounidenses.<\/p>\n\n\n\n<p>Una d\u00e9cada y media despu\u00e9s, Soleimani se hab\u00eda convertido en el comandante m\u00e1s reconocido, ignorando los llamados de meterse a la pol\u00edtica, pero haci\u00e9ndose tan poderoso, si no m\u00e1s, que sus dirigentes civiles.<\/p>\n\n\n\n<p>Finalmente, un ataque con drones lanzado por la administraci\u00f3n de Donald Trump acab\u00f3 con la vida del general, parte de la escalada de incidentes que sigui\u00f3 a la retirada unilateral de Estados Unidos en 2018 del acuerdo nuclear de Teher\u00e1n con las potencias mundiales.<\/p>\n\n\n\n<p>(Informaci\u00f3n de la agencia AP en \u201cEl Financiero\u201d)<\/p>\n","protected":false},"excerpt":{"rendered":"<p>Redacci\u00f3n\/Zona Roja Cdmx. Foto: RFI. Ciudad de M\u00e9xico, a 4 de enero de 2024.- Dos&hellip;<\/p>\n","protected":false},"author":2,"featured_media":63893,"comment_status":"closed","ping_status":"open","sticky":false,"template":"","format":"standard","meta":{"_lmt_disableupdate":"","_lmt_disable":"","_jetpack_memberships_contains_paid_content":false,"footnotes":""},"categories":[109,47],"tags":[1234],"class_list":["post-63892","post","type-post","status-publish","format-standard","has-post-thumbnail","hentry","category-minuto-a-minuto","category-zona-gris","tag-iran"],"jetpack_featured_media_url":"https:\/\/zonaroja.com.mx\/wp-content\/uploads\/2024\/01\/Atentados-Iran.jpeg","jetpack_sharing_enabled":true,"_links":{"self":[{"href":"https:\/\/zonaroja.com.mx\/index.php?rest_route=\/wp\/v2\/posts\/63892","targetHints":{"allow":["GET"]}}],"collection":[{"href":"https:\/\/zonaroja.com.mx\/index.php?rest_route=\/wp\/v2\/posts"}],"about":[{"href":"https:\/\/zonaroja.com.mx\/index.php?rest_route=\/wp\/v2\/types\/post"}],"author":[{"embeddable":true,"href":"https:\/\/zonaroja.com.mx\/index.php?rest_route=\/wp\/v2\/users\/2"}],"replies":[{"embeddable":true,"href":"https:\/\/zonaroja.com.mx\/index.php?rest_route=%2Fwp%2Fv2%2Fcomments&post=63892"}],"version-history":[{"count":1,"href":"https:\/\/zonaroja.com.mx\/index.php?rest_route=\/wp\/v2\/posts\/63892\/revisions"}],"predecessor-version":[{"id":63894,"href":"https:\/\/zonaroja.com.mx\/index.php?rest_route=\/wp\/v2\/posts\/63892\/revisions\/63894"}],"wp:featuredmedia":[{"embeddable":true,"href":"https:\/\/zonaroja.com.mx\/index.php?rest_route=\/wp\/v2\/media\/63893"}],"wp:attachment":[{"href":"https:\/\/zonaroja.com.mx\/index.php?rest_route=%2Fwp%2Fv2%2Fmedia&parent=63892"}],"wp:term":[{"taxonomy":"category","embeddable":true,"href":"https:\/\/zonaroja.com.mx\/index.php?rest_route=%2Fwp%2Fv2%2Fcategories&post=63892"},{"taxonomy":"post_tag","embeddable":true,"href":"https:\/\/zonaroja.com.mx\/index.php?rest_route=%2Fwp%2Fv2%2Ftags&post=63892"}],"curies":[{"name":"wp","href":"https:\/\/api.w.org\/{rel}","templated":true}]}}