{"id":63895,"date":"2024-01-04T09:30:00","date_gmt":"2024-01-04T15:30:00","guid":{"rendered":"http:\/\/www.zonaroja.com.mx\/?p=63895"},"modified":"2024-01-04T07:27:08","modified_gmt":"2024-01-04T13:27:08","slug":"alarma-casos-de-ansiedad-convulsion-y-depresion-en-oaxaca","status":"publish","type":"post","link":"https:\/\/zonaroja.com.mx\/?p=63895","title":{"rendered":"Alarma casos de ansiedad, convulsi\u00f3n y depresi\u00f3n en Oaxaca"},"content":{"rendered":"\n<p>Ismael Garc\u00eda M.\/Zona Roja.<\/p>\n\n\n\n<p>Oaxaca de Ju\u00e1rez, Oax., a 4 de enero de 2024.- En s\u00f3lo un d\u00eda, param\u00e9dicos del Heroico Cuerpo de Bomberos de Oaxaca atendieron al menos tres casos de ansiedad y depresi\u00f3n, que incluye un intento de suicidio en la capital del estado.<\/p>\n\n\n\n<p>De acuerdo con reportes de la corporaci\u00f3n que depende de la Secretar\u00eda de Seguridad y Protecci\u00f3n Ciudadana (SSPC), la madrugada de ayer fue rescatado un paciente del techo del Hospital General \u201cDr. Aurelio Valdivieso\u201d, dependiente de los Servicios de Salud de Oaxaca.<\/p>\n\n\n\n<p>El hombre, de aproximadamente 62 a\u00f1os de edad, burl\u00f3 las medidas de seguridad y subi\u00f3 semidesnudo al techo, de donde pretend\u00eda arrojarse.<\/p>\n\n\n\n<p>Al arribar los param\u00e9dicos de Bomberos realizaron labores y apoyados por una escalera de doble extensi\u00f3n y el di\u00e1logo lograron el descenso, desde la azotea del hospital, de un paciente masculino con crisis convulsivas no controladas.<\/p>\n\n\n\n<p>Otro caso ocurri\u00f3 tambi\u00e9n ayer pero en Juchit\u00e1n de Zaragoza, donde los elementos de la corporaci\u00f3n acudieron a la calle Jos\u00e9 F. G\u00f3mez, donde atendieron a una femenina de 28 a\u00f1os de edad con trastorno de ansiedad generalizada, quien fue estabilizada sin ameritar traslado.<\/p>\n\n\n\n<p>En esa misma ciudad de la regi\u00f3n del Istmo, personal param\u00e9dico brind\u00f3 el servicio prehospitalario en calle Modesto Patolzin de la colonia Magisterio Democr\u00e1tico, donde valoraron a un paciente masculino de 41 a\u00f1os con crisis convulsiva; al negarse a ser trasladado se dieron recomendaciones.<\/p>\n\n\n\n<p>Tambi\u00e9n en Juchit\u00e1n, atendieron un servicio prehospitalario en calle Tercera del fraccionamiento IVO, donde brindaron apoyo a una paciente femenina con herida lacerante en cuello; fue estabilizada y sin necesidad de traslado se emitieron recomendaciones.<\/p>\n","protected":false},"excerpt":{"rendered":"<p>Ismael Garc\u00eda M.\/Zona Roja. Oaxaca de Ju\u00e1rez, Oax., a 4 de enero de 2024.- En&hellip;<\/p>\n","protected":false},"author":2,"featured_media":63897,"comment_status":"closed","ping_status":"open","sticky":false,"template":"","format":"standard","meta":{"_lmt_disableupdate":"","_lmt_disable":"","_jetpack_memberships_contains_paid_content":false,"footnotes":""},"categories":[109,47],"tags":[1946],"class_list":["post-63895","post","type-post","status-publish","format-standard","has-post-thumbnail","hentry","category-minuto-a-minuto","category-zona-gris","tag-heroico-cuerpo-de-bomberos-oaxaca"],"jetpack_featured_media_url":"https:\/\/zonaroja.com.mx\/wp-content\/uploads\/2024\/01\/Depresionn-y-suicidios-Bomberos.jpg","jetpack_sharing_enabled":true,"_links":{"self":[{"href":"https:\/\/zonaroja.com.mx\/index.php?rest_route=\/wp\/v2\/posts\/63895","targetHints":{"allow":["GET"]}}],"collection":[{"href":"https:\/\/zonaroja.com.mx\/index.php?rest_route=\/wp\/v2\/posts"}],"about":[{"href":"https:\/\/zonaroja.com.mx\/index.php?rest_route=\/wp\/v2\/types\/post"}],"author":[{"embeddable":true,"href":"https:\/\/zonaroja.com.mx\/index.php?rest_route=\/wp\/v2\/users\/2"}],"replies":[{"embeddable":true,"href":"https:\/\/zonaroja.com.mx\/index.php?rest_route=%2Fwp%2Fv2%2Fcomments&post=63895"}],"version-history":[{"count":1,"href":"https:\/\/zonaroja.com.mx\/index.php?rest_route=\/wp\/v2\/posts\/63895\/revisions"}],"predecessor-version":[{"id":63898,"href":"https:\/\/zonaroja.com.mx\/index.php?rest_route=\/wp\/v2\/posts\/63895\/revisions\/63898"}],"wp:featuredmedia":[{"embeddable":true,"href":"https:\/\/zonaroja.com.mx\/index.php?rest_route=\/wp\/v2\/media\/63897"}],"wp:attachment":[{"href":"https:\/\/zonaroja.com.mx\/index.php?rest_route=%2Fwp%2Fv2%2Fmedia&parent=63895"}],"wp:term":[{"taxonomy":"category","embeddable":true,"href":"https:\/\/zonaroja.com.mx\/index.php?rest_route=%2Fwp%2Fv2%2Fcategories&post=63895"},{"taxonomy":"post_tag","embeddable":true,"href":"https:\/\/zonaroja.com.mx\/index.php?rest_route=%2Fwp%2Fv2%2Ftags&post=63895"}],"curies":[{"name":"wp","href":"https:\/\/api.w.org\/{rel}","templated":true}]}}