{"id":63901,"date":"2024-01-04T11:31:00","date_gmt":"2024-01-04T17:31:00","guid":{"rendered":"http:\/\/www.zonaroja.com.mx\/?p=63901"},"modified":"2024-01-04T08:12:45","modified_gmt":"2024-01-04T14:12:45","slug":"reconocen-designacion-de-una-mujer-en-la-presidencia-del-tsj","status":"publish","type":"post","link":"https:\/\/zonaroja.com.mx\/?p=63901","title":{"rendered":"Reconocen designaci\u00f3n de una mujer en la presidencia del TSJ"},"content":{"rendered":"\n<p>Raymundo Morales\/Zona Roja.<\/p>\n\n\n\n<p>Oaxaca de Ju\u00e1rez, Oax., a 4 de enero de 2024.- Autoridades de distintos \u00f3rdenes de gobierno destacaron la designaci\u00f3n de la magistrada Berenice Ram\u00edrez Jim\u00e9nez como la primera mujer electa para presidir el Tribunal Superior de Justicia del Estado de Oaxaca por un lapso de cuatro a\u00f1os.<\/p>\n\n\n\n<p>Uno de ellos es el responsable de la Fiscal\u00eda General del Estado de Oaxaca, Bernardo Rodr\u00edguez Alamilla, quien confi\u00f3 en que la nueva titular del Poder Judicial se desempe\u00f1ar\u00e1 con profesionalismo y trabajando para el beneficio de la sociedad oaxaque\u00f1a; \u201ceste nombramiento fortalece nuestra democracia a trav\u00e9s de las labores institucionales\u201d, poste\u00f3 en sus redes sociales.<\/p>\n\n\n\n<p>Tambi\u00e9n el presidente de la Junta de Coordinaci\u00f3n Pol\u00edtica de la 65 Legislatura del Congreso local, Sergio L\u00f3pez S\u00e1nchez, destac\u00f3:<\/p>\n\n\n\n<p>\u201cCelebro que una mujer ocupe esta honrosa responsabilidad de dirigir el Poder Judicial en nuestro estado. Le deseo el mayor de los \u00e9xitos en esta encomienda tan importante para garantizar la justicia en Oaxaca\u201d.<\/p>\n\n\n\n<p>La diputada oaxaque\u00f1a Mariana Ben\u00edtez Tiburcio expres\u00f3 asimismo su felicitaci\u00f3n a la magistrada Berenice Ram\u00edrez Jim\u00e9nez y confi\u00f3 en que har\u00e1 un excelente trabajo a favor de la justicia y en especial de los derechos de mujeres, ni\u00f1as y ni\u00f1os.<\/p>\n\n\n\n<p>La designaci\u00f3n fortalecer\u00e1 la impartici\u00f3n de justicia con perspectiva de g\u00e9nero, consider\u00f3 la titular del Secretariado Ejecutivo del Sistema Estatal de Seguridad P\u00fablica de Oaxaca, Karina Bar\u00f3n.<\/p>\n\n\n\n<p>Mientras que el destacado militante del Partido Morena, Antonino Morales Toledo, resalt\u00f3 que por primera vez una mujer estar\u00e1 al frente de esta instituci\u00f3n de administraci\u00f3n de justicia.&nbsp;<\/p>\n\n\n\n<p>\u201cEstoy seguro que su nombramiento contribuir\u00e1 en la transformaci\u00f3n de una justicia con rostro humano\u00bb mencion\u00f3.<\/p>\n","protected":false},"excerpt":{"rendered":"<p>Raymundo Morales\/Zona Roja. Oaxaca de Ju\u00e1rez, Oax., a 4 de enero de 2024.- Autoridades de&hellip;<\/p>\n","protected":false},"author":2,"featured_media":63902,"comment_status":"closed","ping_status":"open","sticky":false,"template":"","format":"standard","meta":{"_lmt_disableupdate":"","_lmt_disable":"","_jetpack_memberships_contains_paid_content":false,"footnotes":""},"categories":[109,46],"tags":[3796,223],"class_list":["post-63901","post","type-post","status-publish","format-standard","has-post-thumbnail","hentry","category-minuto-a-minuto","category-zona-blanca","tag-berenice-ramirez-jimenez","tag-poder-judicial-de-oaxaca"],"jetpack_featured_media_url":"https:\/\/zonaroja.com.mx\/wp-content\/uploads\/2024\/01\/Magistrada-Berenice-Ramirez-Poder-Judicial.png","jetpack_sharing_enabled":true,"_links":{"self":[{"href":"https:\/\/zonaroja.com.mx\/index.php?rest_route=\/wp\/v2\/posts\/63901","targetHints":{"allow":["GET"]}}],"collection":[{"href":"https:\/\/zonaroja.com.mx\/index.php?rest_route=\/wp\/v2\/posts"}],"about":[{"href":"https:\/\/zonaroja.com.mx\/index.php?rest_route=\/wp\/v2\/types\/post"}],"author":[{"embeddable":true,"href":"https:\/\/zonaroja.com.mx\/index.php?rest_route=\/wp\/v2\/users\/2"}],"replies":[{"embeddable":true,"href":"https:\/\/zonaroja.com.mx\/index.php?rest_route=%2Fwp%2Fv2%2Fcomments&post=63901"}],"version-history":[{"count":1,"href":"https:\/\/zonaroja.com.mx\/index.php?rest_route=\/wp\/v2\/posts\/63901\/revisions"}],"predecessor-version":[{"id":63903,"href":"https:\/\/zonaroja.com.mx\/index.php?rest_route=\/wp\/v2\/posts\/63901\/revisions\/63903"}],"wp:featuredmedia":[{"embeddable":true,"href":"https:\/\/zonaroja.com.mx\/index.php?rest_route=\/wp\/v2\/media\/63902"}],"wp:attachment":[{"href":"https:\/\/zonaroja.com.mx\/index.php?rest_route=%2Fwp%2Fv2%2Fmedia&parent=63901"}],"wp:term":[{"taxonomy":"category","embeddable":true,"href":"https:\/\/zonaroja.com.mx\/index.php?rest_route=%2Fwp%2Fv2%2Fcategories&post=63901"},{"taxonomy":"post_tag","embeddable":true,"href":"https:\/\/zonaroja.com.mx\/index.php?rest_route=%2Fwp%2Fv2%2Ftags&post=63901"}],"curies":[{"name":"wp","href":"https:\/\/api.w.org\/{rel}","templated":true}]}}