{"id":63906,"date":"2024-01-04T13:30:00","date_gmt":"2024-01-04T19:30:00","guid":{"rendered":"http:\/\/www.zonaroja.com.mx\/?p=63906"},"modified":"2024-01-04T08:18:27","modified_gmt":"2024-01-04T14:18:27","slug":"frenan-reforma-de-milei-en-argentina-que-afectaria-sector-laboral","status":"publish","type":"post","link":"https:\/\/zonaroja.com.mx\/?p=63906","title":{"rendered":"Frenan reforma de Milei en Argentina que afectar\u00eda sector laboral"},"content":{"rendered":"\n<p>Redacci\u00f3n\/Zona Roja Cdmx.<\/p>\n\n\n\n<p>Ciudad de M\u00e9xico, a 4 de enero de 2024.- La decisi\u00f3n de un tribunal de suspender temporalmente la reforma laboral impulsada por el nuevo gobierno argentino, acogiendo as\u00ed los argumentos planteados por los sindicatos, supone el primer tropez\u00f3n judicial del proyecto reformista a ultranza del presidente Javier Milei.<\/p>\n\n\n\n<p>En menos de un mes, Milei, un economista ultraliberal, ha aprobado un decreto de necesidad y urgencia (DNU) para \u201creconstruir la econom\u00eda argentina\u201d y ha enviado al Parlamento un proyecto de ley \u201ccon el esp\u00edritu de restituir el orden econ\u00f3mico y social basado en la doctrina liberal\u201d plasmada en la Constituci\u00f3n de 1853.<\/p>\n\n\n\n<p>Pero la C\u00e1mara Nacional de Apelaciones del Trabajo de Argentina suspendi\u00f3 temporalmente la reforma laboral del decreto de necesidad y urgencia (DNU), firmado por el presidente argentino el pasado d\u00eda 20.<\/p>\n\n\n\n<p>Los jueces Andrea Garc\u00eda Vior y Alejandro Sudera dictaron una medida cautelar solicitada por la central obrera Confederaci\u00f3n General del Trabajo (CGT) -la mayor del pa\u00eds- que deja sin efecto los cambios en materia laboral que hab\u00edan entrado en vigencia el 29 de diciembre.<\/p>\n\n\n\n<p>La semana pasada, la CGT, de inspiraci\u00f3n peronista, llev\u00f3 a cabo una movilizaci\u00f3n contra el DNU y solicit\u00f3 al Poder Judicial que frenara los cambios laborales que el gobierno quer\u00eda imponer por decreto. As\u00ed mismo, el gobernador de La Rioja, Ricardo Quintela, pidi\u00f3 a la Corte Suprema que declare inconstitucional el decreto.<\/p>\n\n\n\n<p>La dirigencia de la central obrera celebr\u00f3 resoluci\u00f3n judicial. \u201cPone freno a una reforma laboral regresiva\u201d, dijeron. \u201cNo nos vencer\u00e1n mientras permanezcamos unidos\u201d, public\u00f3 la CGT en un mensaje en la red social X en el que tambi\u00e9n recuerda que ha convocado para el pr\u00f3ximo 24 de enero media jornada de paro general y una gran movilizaci\u00f3n frente al Congreso de la Naci\u00f3n.<\/p>\n\n\n\n<p>Para salir al paso de este contratiempo, el gobierno de Milei anunci\u00f3 que apelar\u00e1 la decisi\u00f3n de la C\u00e1mara del Trabajo de suspender el cap\u00edtulo laboral del decreto de necesidad y urgencia (DNU).<\/p>\n\n\n\n<p>\u201cLa Procuraci\u00f3n del Tesoro de la Naci\u00f3n apelar\u00e1 la medida cautelar de la C\u00e1mara del Trabajo que suspende el cap\u00edtulo laboral del DNU dictado por el Gobierno, y pedir\u00e1 la incompetencia de ese fuero\u201d, inform\u00f3 la Presidencia en un comunicado difundido este mi\u00e9rcoles.<\/p>\n\n\n\n<p>Seg\u00fan el Ejecutivo, la resoluci\u00f3n de la C\u00e1mara Nacional de Apelaciones del Trabajo \u201ccontradice todos los fallos dictados hasta ahora en el pa\u00eds\u201d sobre la materia.<\/p>\n\n\n\n<p>El fallo \u201cdesoye el criterio que adoptaron los otros tribunales del pa\u00eds, tanto en la Ciudad como en el interior, que enviaron la causa al juez natural y universal que conoce en todos los asuntos\u201d que es del fuero en lo Contencioso Administrativo Federal, argumenta el gobierno.<\/p>\n\n\n\n<p>De hecho, la decisi\u00f3n del tribunal laboral no cont\u00f3 con la unanimidad de los tres jueces que componen la sala, ya que uno de ellos, la jueza Dora Gonz\u00e1lez, propuso remitir la causa a la C\u00e1mara Contencioso Administrativo Federal para que defina qu\u00e9 fuero debe tramitar el expediente.<\/p>\n\n\n\n<p>La reforma propuesta por Milei incluye cambios en los juicios laborales, la extensi\u00f3n de los periodos de prueba en las empresas y la reducci\u00f3n de las licencias por embarazo, entre otras medidas.<\/p>\n\n\n\n<p>Adem\u00e1s, la reforma laboral tambi\u00e9n incluye una reducci\u00f3n de los aportaciones y contribuciones jubilatorias, de las indemnizaciones y de las multas por registro deficiente de los trabajadores.<\/p>\n\n\n\n<p>Las medidas del decreto de Milei se complementan con las iniciativas anunciadas por el ministro de Econom\u00eda, Luis Caputo, el segundo d\u00eda del nuevo Gobierno, el pasado 12 de diciembre, y por la conocida como \u201cley \u00f3mnibus\u201d, con la que el presidente pretende acumular poderes legislativos.<\/p>\n\n\n\n<p>(Con informaci\u00f3n de EFE, en L\u00f3pez-D\u00f3riga Digital)<\/p>\n","protected":false},"excerpt":{"rendered":"<p>Redacci\u00f3n\/Zona Roja Cdmx. Ciudad de M\u00e9xico, a 4 de enero de 2024.- La decisi\u00f3n de&hellip;<\/p>\n","protected":false},"author":2,"featured_media":63907,"comment_status":"closed","ping_status":"open","sticky":false,"template":"","format":"standard","meta":{"_lmt_disableupdate":"","_lmt_disable":"","_jetpack_memberships_contains_paid_content":false,"footnotes":""},"categories":[109,47],"tags":[3798],"class_list":["post-63906","post","type-post","status-publish","format-standard","has-post-thumbnail","hentry","category-minuto-a-minuto","category-zona-gris","tag-javier-milei"],"jetpack_featured_media_url":"https:\/\/zonaroja.com.mx\/wp-content\/uploads\/2024\/01\/Javier-Milei-Argentina.jpeg","jetpack_sharing_enabled":true,"_links":{"self":[{"href":"https:\/\/zonaroja.com.mx\/index.php?rest_route=\/wp\/v2\/posts\/63906","targetHints":{"allow":["GET"]}}],"collection":[{"href":"https:\/\/zonaroja.com.mx\/index.php?rest_route=\/wp\/v2\/posts"}],"about":[{"href":"https:\/\/zonaroja.com.mx\/index.php?rest_route=\/wp\/v2\/types\/post"}],"author":[{"embeddable":true,"href":"https:\/\/zonaroja.com.mx\/index.php?rest_route=\/wp\/v2\/users\/2"}],"replies":[{"embeddable":true,"href":"https:\/\/zonaroja.com.mx\/index.php?rest_route=%2Fwp%2Fv2%2Fcomments&post=63906"}],"version-history":[{"count":1,"href":"https:\/\/zonaroja.com.mx\/index.php?rest_route=\/wp\/v2\/posts\/63906\/revisions"}],"predecessor-version":[{"id":63908,"href":"https:\/\/zonaroja.com.mx\/index.php?rest_route=\/wp\/v2\/posts\/63906\/revisions\/63908"}],"wp:featuredmedia":[{"embeddable":true,"href":"https:\/\/zonaroja.com.mx\/index.php?rest_route=\/wp\/v2\/media\/63907"}],"wp:attachment":[{"href":"https:\/\/zonaroja.com.mx\/index.php?rest_route=%2Fwp%2Fv2%2Fmedia&parent=63906"}],"wp:term":[{"taxonomy":"category","embeddable":true,"href":"https:\/\/zonaroja.com.mx\/index.php?rest_route=%2Fwp%2Fv2%2Fcategories&post=63906"},{"taxonomy":"post_tag","embeddable":true,"href":"https:\/\/zonaroja.com.mx\/index.php?rest_route=%2Fwp%2Fv2%2Ftags&post=63906"}],"curies":[{"name":"wp","href":"https:\/\/api.w.org\/{rel}","templated":true}]}}