{"id":63911,"date":"2024-01-04T15:22:00","date_gmt":"2024-01-04T21:22:00","guid":{"rendered":"http:\/\/www.zonaroja.com.mx\/?p=63911"},"modified":"2024-01-04T08:24:48","modified_gmt":"2024-01-04T14:24:48","slug":"demanda-departamento-de-justicia-de-eu-a-texas-por-ley-antimigrantes","status":"publish","type":"post","link":"https:\/\/zonaroja.com.mx\/?p=63911","title":{"rendered":"Demanda Departamento de Justicia de EU a Texas por ley antimigrantes"},"content":{"rendered":"\n<p>Redacci\u00f3n\/Zona Roja Cdmx.<\/p>\n\n\n\n<p>Ciudad de M\u00e9xico, a 4 de enero de 2024.- El Departamento de Justicia federal demand\u00f3 el mi\u00e9rcoles a Texas por una nueva ley estatal que permitir\u00eda a la polic\u00eda detener a los migrantes que entren ilegalmente en Estados Unidos, llevando de nuevo al gobernador republicano Greg Abbott ante los tribunales por sus medidas contra los migrantes que cruzan la frontera sur del pa\u00eds.<\/p>\n\n\n\n<p>La demanda lleva a Texas a otro enfrentamiento sobre inmigraci\u00f3n en un momento en el que Nueva York y Chicago est\u00e1n tomando medidas contra los autobuses y aviones que transportan a migrantes y son enviados por Abbott a ciudades con gobiernos dem\u00f3cratas. Texas tambi\u00e9n est\u00e1 librando batallas judiciales por separado para mantener alambre de p\u00faas en la frontera y una barrera flotante en el r\u00edo Bravo (o Grande).<\/p>\n\n\n\n<p>Pero una ley que Abbott firm\u00f3 el mes pasado plantea un desaf\u00edo mayor y m\u00e1s amplio a la autoridad del gobierno federal en materia de inmigraci\u00f3n. Adem\u00e1s de permitir a la polic\u00eda de cualquier lugar de Texas detener a migrantes acusados de ingreso ilegal, los jueces locales tambi\u00e9n podr\u00edan ordenar a los migrantes que abandonen el pa\u00eds.<\/p>\n\n\n\n<p>La ley est\u00e1 programada para entrar en vigor en marzo.<\/p>\n\n\n\n<p>(Informaci\u00f3n de \u201cLa Jornada\u201d)<\/p>\n","protected":false},"excerpt":{"rendered":"<p>Redacci\u00f3n\/Zona Roja Cdmx. Ciudad de M\u00e9xico, a 4 de enero de 2024.- El Departamento de&hellip;<\/p>\n","protected":false},"author":2,"featured_media":55140,"comment_status":"closed","ping_status":"open","sticky":false,"template":"","format":"standard","meta":{"_lmt_disableupdate":"","_lmt_disable":"","_jetpack_memberships_contains_paid_content":false,"footnotes":""},"categories":[109,47],"tags":[3173],"class_list":["post-63911","post","type-post","status-publish","format-standard","has-post-thumbnail","hentry","category-minuto-a-minuto","category-zona-gris","tag-migrantes-texas-estados-unidos"],"jetpack_featured_media_url":"https:\/\/zonaroja.com.mx\/wp-content\/uploads\/2023\/05\/Migrantes-Guardia-Nacional-frontera-sur.jpeg","jetpack_sharing_enabled":true,"_links":{"self":[{"href":"https:\/\/zonaroja.com.mx\/index.php?rest_route=\/wp\/v2\/posts\/63911","targetHints":{"allow":["GET"]}}],"collection":[{"href":"https:\/\/zonaroja.com.mx\/index.php?rest_route=\/wp\/v2\/posts"}],"about":[{"href":"https:\/\/zonaroja.com.mx\/index.php?rest_route=\/wp\/v2\/types\/post"}],"author":[{"embeddable":true,"href":"https:\/\/zonaroja.com.mx\/index.php?rest_route=\/wp\/v2\/users\/2"}],"replies":[{"embeddable":true,"href":"https:\/\/zonaroja.com.mx\/index.php?rest_route=%2Fwp%2Fv2%2Fcomments&post=63911"}],"version-history":[{"count":1,"href":"https:\/\/zonaroja.com.mx\/index.php?rest_route=\/wp\/v2\/posts\/63911\/revisions"}],"predecessor-version":[{"id":63912,"href":"https:\/\/zonaroja.com.mx\/index.php?rest_route=\/wp\/v2\/posts\/63911\/revisions\/63912"}],"wp:featuredmedia":[{"embeddable":true,"href":"https:\/\/zonaroja.com.mx\/index.php?rest_route=\/wp\/v2\/media\/55140"}],"wp:attachment":[{"href":"https:\/\/zonaroja.com.mx\/index.php?rest_route=%2Fwp%2Fv2%2Fmedia&parent=63911"}],"wp:term":[{"taxonomy":"category","embeddable":true,"href":"https:\/\/zonaroja.com.mx\/index.php?rest_route=%2Fwp%2Fv2%2Fcategories&post=63911"},{"taxonomy":"post_tag","embeddable":true,"href":"https:\/\/zonaroja.com.mx\/index.php?rest_route=%2Fwp%2Fv2%2Ftags&post=63911"}],"curies":[{"name":"wp","href":"https:\/\/api.w.org\/{rel}","templated":true}]}}