{"id":63913,"date":"2024-01-04T08:35:25","date_gmt":"2024-01-04T14:35:25","guid":{"rendered":"http:\/\/www.zonaroja.com.mx\/?p=63913"},"modified":"2024-01-04T08:36:16","modified_gmt":"2024-01-04T14:36:16","slug":"muere-detenido-en-carcel-municipal-de-san-agustin-yatareni","status":"publish","type":"post","link":"https:\/\/zonaroja.com.mx\/?p=63913","title":{"rendered":"Muere detenido en c\u00e1rcel municipal de San Agust\u00edn Yatareni"},"content":{"rendered":"\n<p>Redacci\u00f3n\/Zona Roja.<\/p>\n\n\n\n<p>Oaxaca de Ju\u00e1rez, Oax., a 4 de enero de 2024.- Autoridades ministeriales investigan la muerte de una persona detenida en la c\u00e1rcel de San Agust\u00edn Yatareni, municipio conurbado a la capital del Oaxaca, por la zona oriente.<\/p>\n\n\n\n<p>Seg\u00fan la versi\u00f3n del ayuntamiento, el individuo identificado como Sergio Carlos P. C., de 32 a\u00f1os de edad, se quit\u00f3 la vida al ahorcarse con su propia cobija, versi\u00f3n que rechazan los familiares de la v\u00edctima.<\/p>\n\n\n\n<p>El hombre fue detenido por incurrir en faltas administrativas y cumpl\u00eda encarcelado el plazo de la Pe\u00f1a, cuando supuestamente se suicidi\u00f3.<\/p>\n\n\n\n<p>Los familiares acudieron de inmediato a la Fiscal\u00eda General del Estado de Oaxaca para denunciar el hecho.<\/p>\n\n\n\n<p>Por lo cual, personal de la Agencia Estatal de Investigaciones dio inicio a las indagatorias, con la finalidad de esclarecer la muerte de la persona, ocurrida ayer mi\u00e9rcoles.<\/p>\n\n\n\n<p>Entre los investigados se encuentran los polic\u00edas municipales que efectuaron la detenci\u00f3n, as\u00ed como del personal que supuestamente ten\u00eda bajo su custodia a la v\u00edctima.<\/p>\n","protected":false},"excerpt":{"rendered":"<p>Redacci\u00f3n\/Zona Roja. Oaxaca de Ju\u00e1rez, Oax., a 4 de enero de 2024.- Autoridades ministeriales investigan&hellip;<\/p>\n","protected":false},"author":2,"featured_media":61105,"comment_status":"closed","ping_status":"open","sticky":false,"template":"","format":"standard","meta":{"_lmt_disableupdate":"","_lmt_disable":"","_jetpack_memberships_contains_paid_content":false,"footnotes":""},"categories":[109,47],"tags":[3535],"class_list":["post-63913","post","type-post","status-publish","format-standard","has-post-thumbnail","hentry","category-minuto-a-minuto","category-zona-gris","tag-san-agustin-yatareni"],"jetpack_featured_media_url":"https:\/\/zonaroja.com.mx\/wp-content\/uploads\/2023\/10\/Prision-carcel-2.jpeg","jetpack_sharing_enabled":true,"_links":{"self":[{"href":"https:\/\/zonaroja.com.mx\/index.php?rest_route=\/wp\/v2\/posts\/63913","targetHints":{"allow":["GET"]}}],"collection":[{"href":"https:\/\/zonaroja.com.mx\/index.php?rest_route=\/wp\/v2\/posts"}],"about":[{"href":"https:\/\/zonaroja.com.mx\/index.php?rest_route=\/wp\/v2\/types\/post"}],"author":[{"embeddable":true,"href":"https:\/\/zonaroja.com.mx\/index.php?rest_route=\/wp\/v2\/users\/2"}],"replies":[{"embeddable":true,"href":"https:\/\/zonaroja.com.mx\/index.php?rest_route=%2Fwp%2Fv2%2Fcomments&post=63913"}],"version-history":[{"count":1,"href":"https:\/\/zonaroja.com.mx\/index.php?rest_route=\/wp\/v2\/posts\/63913\/revisions"}],"predecessor-version":[{"id":63914,"href":"https:\/\/zonaroja.com.mx\/index.php?rest_route=\/wp\/v2\/posts\/63913\/revisions\/63914"}],"wp:featuredmedia":[{"embeddable":true,"href":"https:\/\/zonaroja.com.mx\/index.php?rest_route=\/wp\/v2\/media\/61105"}],"wp:attachment":[{"href":"https:\/\/zonaroja.com.mx\/index.php?rest_route=%2Fwp%2Fv2%2Fmedia&parent=63913"}],"wp:term":[{"taxonomy":"category","embeddable":true,"href":"https:\/\/zonaroja.com.mx\/index.php?rest_route=%2Fwp%2Fv2%2Fcategories&post=63913"},{"taxonomy":"post_tag","embeddable":true,"href":"https:\/\/zonaroja.com.mx\/index.php?rest_route=%2Fwp%2Fv2%2Ftags&post=63913"}],"curies":[{"name":"wp","href":"https:\/\/api.w.org\/{rel}","templated":true}]}}