{"id":63918,"date":"2024-01-04T20:11:45","date_gmt":"2024-01-05T02:11:45","guid":{"rendered":"http:\/\/www.zonaroja.com.mx\/?p=63918"},"modified":"2024-01-04T20:11:47","modified_gmt":"2024-01-05T02:11:47","slug":"el-lunes-inician-las-comparecencias-por-el-primer-informe-de-gobierno","status":"publish","type":"post","link":"https:\/\/zonaroja.com.mx\/?p=63918","title":{"rendered":"El lunes inician las comparecencias por el primer informe de gobierno"},"content":{"rendered":"\n<p>Redacci\u00f3n\/Zona Roja.<\/p>\n\n\n\n<p>Oaxaca de Ju\u00e1rez, Oax., a 4 de enero de 2024.- El lunes 8 de enero comenzar\u00e1n en el Congreso del Estado las comparecencias de las y los titulares de las secretar\u00edas del gobierno de Oaxaca, con motivo del primer informe de actividades del titular del Poder Ejecutivo, Salom\u00f3n Jara Cruz.<\/p>\n\n\n\n<p>De acuerdo con el calendario, a las 10:00 horas le corresponder\u00e1&nbsp; comparecer al secretario de Gobierno; a las 14:00 horas a la titular de los Servicios de Salud; y a las 17:00 horas al titular de la Secretar\u00eda de las Infraestructuras y Comunicaciones.&nbsp;<\/p>\n\n\n\n<p>El presidente de la Junta de Coordinaci\u00f3n Pol\u00edtica (Jucopo) de la 65 Legislatura local, Sergio L\u00f3pez S\u00e1nchez, destac\u00f3 la importancia de este ejercicio de rendici\u00f3n de cuentas e invit\u00f3 a la poblaci\u00f3n a mantenerse informada.&nbsp;<\/p>\n\n\n\n<p>\u00abConozcamos todas y todos los oaxaque\u00f1os los trabajos, los avances y los resultados en este primer a\u00f1o de gobierno por parte del titular del Poder Ejecutivo, Salom\u00f3n Jara Cruz, y en el marco de las comparecencias de las y los secretarios de Estado\u00bb, resalt\u00f3.&nbsp;<\/p>\n\n\n\n<p>Las comparecencias programadas del 8 al 22 de enero, ser\u00e1n ante comisiones de la LXV Legislatura local, y se transmitir\u00e1n a trav\u00e9s de las redes oficiales del Congreso local.<\/p>\n","protected":false},"excerpt":{"rendered":"<p>Redacci\u00f3n\/Zona Roja. Oaxaca de Ju\u00e1rez, Oax., a 4 de enero de 2024.- El lunes 8&hellip;<\/p>\n","protected":false},"author":2,"featured_media":62788,"comment_status":"closed","ping_status":"open","sticky":false,"template":"","format":"standard","meta":{"_lmt_disableupdate":"","_lmt_disable":"","_jetpack_memberships_contains_paid_content":false,"footnotes":""},"categories":[109,46],"tags":[2743],"class_list":["post-63918","post","type-post","status-publish","format-standard","has-post-thumbnail","hentry","category-minuto-a-minuto","category-zona-blanca","tag-65-legislatura-del-estado-de-oaxaca"],"jetpack_featured_media_url":"https:\/\/zonaroja.com.mx\/wp-content\/uploads\/2023\/12\/Sede-del-Congreso-del-Estado-.jpg","jetpack_sharing_enabled":true,"_links":{"self":[{"href":"https:\/\/zonaroja.com.mx\/index.php?rest_route=\/wp\/v2\/posts\/63918","targetHints":{"allow":["GET"]}}],"collection":[{"href":"https:\/\/zonaroja.com.mx\/index.php?rest_route=\/wp\/v2\/posts"}],"about":[{"href":"https:\/\/zonaroja.com.mx\/index.php?rest_route=\/wp\/v2\/types\/post"}],"author":[{"embeddable":true,"href":"https:\/\/zonaroja.com.mx\/index.php?rest_route=\/wp\/v2\/users\/2"}],"replies":[{"embeddable":true,"href":"https:\/\/zonaroja.com.mx\/index.php?rest_route=%2Fwp%2Fv2%2Fcomments&post=63918"}],"version-history":[{"count":1,"href":"https:\/\/zonaroja.com.mx\/index.php?rest_route=\/wp\/v2\/posts\/63918\/revisions"}],"predecessor-version":[{"id":63919,"href":"https:\/\/zonaroja.com.mx\/index.php?rest_route=\/wp\/v2\/posts\/63918\/revisions\/63919"}],"wp:featuredmedia":[{"embeddable":true,"href":"https:\/\/zonaroja.com.mx\/index.php?rest_route=\/wp\/v2\/media\/62788"}],"wp:attachment":[{"href":"https:\/\/zonaroja.com.mx\/index.php?rest_route=%2Fwp%2Fv2%2Fmedia&parent=63918"}],"wp:term":[{"taxonomy":"category","embeddable":true,"href":"https:\/\/zonaroja.com.mx\/index.php?rest_route=%2Fwp%2Fv2%2Fcategories&post=63918"},{"taxonomy":"post_tag","embeddable":true,"href":"https:\/\/zonaroja.com.mx\/index.php?rest_route=%2Fwp%2Fv2%2Ftags&post=63918"}],"curies":[{"name":"wp","href":"https:\/\/api.w.org\/{rel}","templated":true}]}}