{"id":63922,"date":"2024-01-05T07:20:09","date_gmt":"2024-01-05T13:20:09","guid":{"rendered":"http:\/\/www.zonaroja.com.mx\/?p=63922"},"modified":"2024-01-05T07:23:03","modified_gmt":"2024-01-05T13:23:03","slug":"indagan-asesinato-registrado-en-tonameca-oaxaca","status":"publish","type":"post","link":"https:\/\/zonaroja.com.mx\/?p=63922","title":{"rendered":"Indagan asesinato registrado en Tonameca, Oaxaca"},"content":{"rendered":"\n<p>Redacci\u00f3n\/Zona Roja.<\/p>\n\n\n\n<p>Oaxaca de Ju\u00e1rez, Oax., a 5 de enero de 2024.- Personal de la Vicefiscal\u00eda Regional de la Costa, dependiente de la Fiscal\u00eda General del Estado de Oaxaca, inici\u00f3 las indagatorias respecto al asesinato de una persona del sexo masculino, en Santa Mar\u00eda Tonameca.<\/p>\n\n\n\n<p>Fue ayer por la ma\u00f1ana en que localizaron el cuerpo de quien fue identificado de manera preliminar como Catarino S. V., de aproximadamente 45 a\u00f1os de edad, propietario del motel \u201cLos Caballitos\u201d, ubicado en la localidad de Cuatode.<\/p>\n\n\n\n<p>Fueron sus familiares quienes dieron aviso a las autoridades policiacas, al localizar a la v\u00edctima tirada en el patio del establecimiento, que se ubica cerca de la carretera federal 200 de la regi\u00f3n Costa.<\/p>\n\n\n\n<p>Tras ello, personal de la Fiscal\u00eda arrib\u00f3 al sitio para iniciar las investigaciones correspondientes, a fin de dar con el paradero del o de los homicidas.<\/p>\n\n\n\n<p>EN HUAXPALTEPEC<\/p>\n\n\n\n<p>Por otra parte, en el municipio coste\u00f1o de San Andr\u00e9s Huaxpaltepec fue atacado a balazos Jos\u00e9 Octavio \u201cN\u201d, de 38 a\u00f1os de edad, mientras atend\u00eda un puesto de tacos.<\/p>\n\n\n\n<p>Sujetos armados a bordo de una motocicleta arribaron al sitio y le dispararon en repetidas ocasiones, presuntamente por negarse a pagar derecho de piso para continuar con su taquer\u00eda.<\/p>\n\n\n\n<p>Tras ello, fue trasladado a un hospital de la zona, donde perdi\u00f3 la vida posteriormente, debido a la gravedad de las lesiones. Tambi\u00e9n en este caso la Fiscal\u00eda realiza las acciones ministeriales correspondientes.<\/p>\n","protected":false},"excerpt":{"rendered":"<p>Redacci\u00f3n\/Zona Roja. Oaxaca de Ju\u00e1rez, Oax., a 5 de enero de 2024.- Personal de la&hellip;<\/p>\n","protected":false},"author":2,"featured_media":50335,"comment_status":"closed","ping_status":"open","sticky":false,"template":"","format":"standard","meta":{"_lmt_disableupdate":"","_lmt_disable":"","_jetpack_memberships_contains_paid_content":false,"footnotes":""},"categories":[109,51],"tags":[645],"class_list":["post-63922","post","type-post","status-publish","format-standard","has-post-thumbnail","hentry","category-minuto-a-minuto","category-zona-roja","tag-santa-maria-tonameca"],"jetpack_featured_media_url":"https:\/\/zonaroja.com.mx\/wp-content\/uploads\/2023\/01\/Balazos-violencia-casquillos-escena.jpeg","jetpack_sharing_enabled":true,"_links":{"self":[{"href":"https:\/\/zonaroja.com.mx\/index.php?rest_route=\/wp\/v2\/posts\/63922","targetHints":{"allow":["GET"]}}],"collection":[{"href":"https:\/\/zonaroja.com.mx\/index.php?rest_route=\/wp\/v2\/posts"}],"about":[{"href":"https:\/\/zonaroja.com.mx\/index.php?rest_route=\/wp\/v2\/types\/post"}],"author":[{"embeddable":true,"href":"https:\/\/zonaroja.com.mx\/index.php?rest_route=\/wp\/v2\/users\/2"}],"replies":[{"embeddable":true,"href":"https:\/\/zonaroja.com.mx\/index.php?rest_route=%2Fwp%2Fv2%2Fcomments&post=63922"}],"version-history":[{"count":1,"href":"https:\/\/zonaroja.com.mx\/index.php?rest_route=\/wp\/v2\/posts\/63922\/revisions"}],"predecessor-version":[{"id":63923,"href":"https:\/\/zonaroja.com.mx\/index.php?rest_route=\/wp\/v2\/posts\/63922\/revisions\/63923"}],"wp:featuredmedia":[{"embeddable":true,"href":"https:\/\/zonaroja.com.mx\/index.php?rest_route=\/wp\/v2\/media\/50335"}],"wp:attachment":[{"href":"https:\/\/zonaroja.com.mx\/index.php?rest_route=%2Fwp%2Fv2%2Fmedia&parent=63922"}],"wp:term":[{"taxonomy":"category","embeddable":true,"href":"https:\/\/zonaroja.com.mx\/index.php?rest_route=%2Fwp%2Fv2%2Fcategories&post=63922"},{"taxonomy":"post_tag","embeddable":true,"href":"https:\/\/zonaroja.com.mx\/index.php?rest_route=%2Fwp%2Fv2%2Ftags&post=63922"}],"curies":[{"name":"wp","href":"https:\/\/api.w.org\/{rel}","templated":true}]}}