{"id":63926,"date":"2024-01-05T09:30:00","date_gmt":"2024-01-05T15:30:00","guid":{"rendered":"http:\/\/www.zonaroja.com.mx\/?p=63926"},"modified":"2024-01-05T07:56:19","modified_gmt":"2024-01-05T13:56:19","slug":"pese-a-graves-accidentes-municipio-de-oaxaca-no-actualiza-reglamento-de-proteccion-civil","status":"publish","type":"post","link":"https:\/\/zonaroja.com.mx\/?p=63926","title":{"rendered":"Pese a graves accidentes, municipio de Oaxaca no actualiza reglamento de protecci\u00f3n civil"},"content":{"rendered":"\n<p>Ismael Garc\u00eda M.\/Zona Roja.<\/p>\n\n\n\n<p>Oaxaca de Ju\u00e1rez, Oax., a 5 de enero de 2024.- Pese a graves accidentes en los juegos mec\u00e1nicos y la ca\u00edda de gradas con una veintena de heridos, el ayuntamiento de Oaxaca de Ju\u00e1rez mantiene rezagado desde hace m\u00e1s de un a\u00f1o una actualizaci\u00f3n al reglamento de protecci\u00f3n civil.<\/p>\n\n\n\n<p>\u201cLas empresas que hacen este tipo de actividades son las que tienen que responder, y en ese sentido pues son ellas las que tendr\u00e1n que dar cuenta en su caso de los problemas que pudieran originarse.<\/p>\n\n\n\n<p>\u201cA m\u00ed me parece muy prudente el hecho que revisemos la normatividad; es importante que establezcamos condiciones m\u00e1s severas, m\u00e1s fuertes, econ\u00f3micamente hablando, respecto de las garant\u00edas que otorguen las personas que llevan a cabo este tipo de actividades y me parece que debemos trabajar fuertemente\u201d, justific\u00f3 el edil Francisco Mart\u00ednez Neri.<\/p>\n\n\n\n<p>-El regidor (Juan Rafael Rosas) hablaba de una propuesta pero que no se acept\u00f3, entonces c\u00f3mo aplicar un reglamento, aplicar sanciones, si no se ha revisado.<\/p>\n\n\n\n<p>-No estoy diciendo que hay que aplicar un reglamento no autorizado; estoy diciendo que el regidor plantea la necesidad de revisar la cuant\u00eda de las garant\u00edas que deben otorgar esas personas.<\/p>\n\n\n\n<p>\u201cMuy a prop\u00f3sito de esa revisi\u00f3n tenemos que ver, a la luz de la problem\u00e1tica que ha habido, el hecho que sea m\u00e1s severo en t\u00e9rminos de la cuant\u00eda, de la cantidad que tengamos que fijar como indemnizaci\u00f3n\u201d, respondi\u00f3 el presidente en entrevista.<\/p>\n\n\n\n<p>-\u00bfPero como seguro?<\/p>\n\n\n\n<p>-A eso me refiero.<\/p>\n\n\n\n<p>-Ser\u00eda en caso que ocurriera, \u00bfpero para evitar antes?<\/p>\n\n\n\n<p>-S\u00ed, es decir, si ocurriera alg\u00fan acontecimiento que lesionara a alguna persona, debe haber la garant\u00eda econ\u00f3mica, la fianza, que permita que pueda ser atendida esa persona.<\/p>\n\n\n\n<p>-Pero c\u00f3mo se har\u00eda entonces.<\/p>\n\n\n\n<p>-Por reglamentos.<\/p>\n\n\n\n<p>-En el caso de la Alameda (donde cay\u00f3 una grada), \u00bfqu\u00e9 autoridad pidi\u00f3 o autoriz\u00f3 o contrat\u00f3 a la empresa que coloc\u00f3 las gradas?<\/p>\n\n\n\n<p>-Ah, bueno, nosotros autorizamos y el Gobierno del Estado hizo la actividad y contrat\u00f3 a la persona y tengo entendido que est\u00e1n actuando sobre el particular.<\/p>\n\n\n\n<p>-\u00bfY en el parque de b\u00e9isbol, que es m\u00e1s grave, donde hay dos personas lesionadas?<\/p>\n\n\n\n<p>-S\u00ed, de igual manera ah\u00ed tambi\u00e9n necesitamos aplicar las medidas de mayor coerci\u00f3n, para que haya desde luego la garant\u00eda de que cualquier persona que sube a un aparato de esos, sepa que hay una responsabilidad.<\/p>\n\n\n\n<p>Y es que durante la sesi\u00f3n de Cabildo, el regidor de Protecci\u00f3n Civil, el priista Juan Rafael Rosas Herrera, lament\u00f3 los accidentes registrados en diciembre, como la ca\u00edda de las gradas en la Alameda de Le\u00f3n, con saldo de una veintena de lesionados.<\/p>\n\n\n\n<p>Asimismo, la falla en una rueda de la fortuna de un juego mec\u00e1nico en Plaza Bella en que quedaron atrapadas varias personas por varias horas, as\u00ed como el accidente en la feria ubicada en el campo anexo al estadio \u201cEduardo Vasconcelos\u201d.<\/p>\n\n\n\n<p>Pese a ello, dijo que desde hace m\u00e1s de un a\u00f1o se present\u00f3 una actualizaci\u00f3n del reglamento de Protecci\u00f3n Civil, pero hasta el momento no se ha aprobado.<\/p>\n","protected":false},"excerpt":{"rendered":"<p>Ismael Garc\u00eda M.\/Zona Roja. Oaxaca de Ju\u00e1rez, Oax., a 5 de enero de 2024.- Pese&hellip;<\/p>\n","protected":false},"author":2,"featured_media":63927,"comment_status":"closed","ping_status":"open","sticky":false,"template":"","format":"standard","meta":{"_lmt_disableupdate":"","_lmt_disable":"","_jetpack_memberships_contains_paid_content":false,"footnotes":""},"categories":[109,47],"tags":[2418],"class_list":["post-63926","post","type-post","status-publish","format-standard","has-post-thumbnail","hentry","category-minuto-a-minuto","category-zona-gris","tag-francisco-martinez-neri"],"jetpack_featured_media_url":"https:\/\/zonaroja.com.mx\/wp-content\/uploads\/2024\/01\/Juegos-mecanicos.jpg","jetpack_sharing_enabled":true,"_links":{"self":[{"href":"https:\/\/zonaroja.com.mx\/index.php?rest_route=\/wp\/v2\/posts\/63926","targetHints":{"allow":["GET"]}}],"collection":[{"href":"https:\/\/zonaroja.com.mx\/index.php?rest_route=\/wp\/v2\/posts"}],"about":[{"href":"https:\/\/zonaroja.com.mx\/index.php?rest_route=\/wp\/v2\/types\/post"}],"author":[{"embeddable":true,"href":"https:\/\/zonaroja.com.mx\/index.php?rest_route=\/wp\/v2\/users\/2"}],"replies":[{"embeddable":true,"href":"https:\/\/zonaroja.com.mx\/index.php?rest_route=%2Fwp%2Fv2%2Fcomments&post=63926"}],"version-history":[{"count":1,"href":"https:\/\/zonaroja.com.mx\/index.php?rest_route=\/wp\/v2\/posts\/63926\/revisions"}],"predecessor-version":[{"id":63928,"href":"https:\/\/zonaroja.com.mx\/index.php?rest_route=\/wp\/v2\/posts\/63926\/revisions\/63928"}],"wp:featuredmedia":[{"embeddable":true,"href":"https:\/\/zonaroja.com.mx\/index.php?rest_route=\/wp\/v2\/media\/63927"}],"wp:attachment":[{"href":"https:\/\/zonaroja.com.mx\/index.php?rest_route=%2Fwp%2Fv2%2Fmedia&parent=63926"}],"wp:term":[{"taxonomy":"category","embeddable":true,"href":"https:\/\/zonaroja.com.mx\/index.php?rest_route=%2Fwp%2Fv2%2Fcategories&post=63926"},{"taxonomy":"post_tag","embeddable":true,"href":"https:\/\/zonaroja.com.mx\/index.php?rest_route=%2Fwp%2Fv2%2Ftags&post=63926"}],"curies":[{"name":"wp","href":"https:\/\/api.w.org\/{rel}","templated":true}]}}