{"id":63936,"date":"2024-01-05T13:30:00","date_gmt":"2024-01-05T19:30:00","guid":{"rendered":"http:\/\/www.zonaroja.com.mx\/?p=63936"},"modified":"2024-01-05T16:05:28","modified_gmt":"2024-01-05T22:05:28","slug":"busca-rosca-de-reyes-adolescentes-en-reinsercion-las-elaboran-ricas","status":"publish","type":"post","link":"https:\/\/zonaroja.com.mx\/?p=63936","title":{"rendered":"\u00bfBusca rosca de reyes? Adolescentes en reinserci\u00f3n las elaboran ricas"},"content":{"rendered":"\n<p>Redacci\u00f3n\/Zona Roja.&nbsp;<\/p>\n\n\n\n<p>Oaxaca de Ju\u00e1rez, Oax., a 5 de enero de 2024.- En la b\u00fasqueda de la reinserci\u00f3n social efectiva de j\u00f3venes de la Direcci\u00f3n de Ejecuci\u00f3n de Medidas para Adolescentes (DEMA) y como resultado del impulso de actividades de capacitaci\u00f3n que ponderan el desarrollo de sus talentos y habilidades; el taller de panader\u00eda de dicho centro elabora y vende al p\u00fablico en general, la tradicional Rosca de Reyes.<\/p>\n\n\n\n<p>La Secretar\u00eda de Seguridad y Protecci\u00f3n Ciudadana (SSPC) a cargo de Iv\u00e1n Garc\u00eda \u00c1lvarez da cumplimiento al Modelo Integral de Reinserci\u00f3n Social en sus ejes Trabajo y Capacitaci\u00f3n facilitando las herramientas necesarias para que los adolescentes aprendan un oficio durante su estancia en la DEMA, con la finalidad de brindarles una oportunidad para su vida futura.<\/p>\n\n\n\n<p>Cabe destacar que las ganancias de las ventas de dichas roscas ser\u00e1n recibidas directamente por los j\u00f3venes para cubrir sus necesidades personales y familiares, por lo que los precios de dichos productos son accesibles al p\u00fablico.<\/p>\n\n\n\n<p>Se elaboran en dos tama\u00f1os y \u00fanicamente sobre pedido al tel\u00e9fono 951 505 85 01 y la entrega se realiza en las instalaciones de la DEMA ubicadas en Pinos sin n\u00famero en la colonia Antiguo Aeropuerto, Santa Luc\u00eda del Camino o en puntos cercanos de esa zona.<\/p>\n\n\n\n<p>Esta actividad deriva del Nuevo Pacto Social impulsado por el Gobierno que encabeza Salom\u00f3n Jara Cruz, a trav\u00e9s de planes, programas y acciones para prevenir la reincidencia de la poblaci\u00f3n penitenciaria y contribuir favorablemente al proceso de reinserci\u00f3n.<\/p>\n","protected":false},"excerpt":{"rendered":"<p>Redacci\u00f3n\/Zona Roja.&nbsp; Oaxaca de Ju\u00e1rez, Oax., a 5 de enero de 2024.- En la b\u00fasqueda&hellip;<\/p>\n","protected":false},"author":2,"featured_media":63940,"comment_status":"closed","ping_status":"open","sticky":false,"template":"","format":"standard","meta":{"_lmt_disableupdate":"","_lmt_disable":"","_jetpack_memberships_contains_paid_content":false,"footnotes":""},"categories":[109,46],"tags":[],"class_list":["post-63936","post","type-post","status-publish","format-standard","has-post-thumbnail","hentry","category-minuto-a-minuto","category-zona-blanca"],"jetpack_featured_media_url":"https:\/\/zonaroja.com.mx\/wp-content\/uploads\/2024\/01\/img_3797-1.jpg","jetpack_sharing_enabled":true,"_links":{"self":[{"href":"https:\/\/zonaroja.com.mx\/index.php?rest_route=\/wp\/v2\/posts\/63936","targetHints":{"allow":["GET"]}}],"collection":[{"href":"https:\/\/zonaroja.com.mx\/index.php?rest_route=\/wp\/v2\/posts"}],"about":[{"href":"https:\/\/zonaroja.com.mx\/index.php?rest_route=\/wp\/v2\/types\/post"}],"author":[{"embeddable":true,"href":"https:\/\/zonaroja.com.mx\/index.php?rest_route=\/wp\/v2\/users\/2"}],"replies":[{"embeddable":true,"href":"https:\/\/zonaroja.com.mx\/index.php?rest_route=%2Fwp%2Fv2%2Fcomments&post=63936"}],"version-history":[{"count":1,"href":"https:\/\/zonaroja.com.mx\/index.php?rest_route=\/wp\/v2\/posts\/63936\/revisions"}],"predecessor-version":[{"id":63937,"href":"https:\/\/zonaroja.com.mx\/index.php?rest_route=\/wp\/v2\/posts\/63936\/revisions\/63937"}],"wp:featuredmedia":[{"embeddable":true,"href":"https:\/\/zonaroja.com.mx\/index.php?rest_route=\/wp\/v2\/media\/63940"}],"wp:attachment":[{"href":"https:\/\/zonaroja.com.mx\/index.php?rest_route=%2Fwp%2Fv2%2Fmedia&parent=63936"}],"wp:term":[{"taxonomy":"category","embeddable":true,"href":"https:\/\/zonaroja.com.mx\/index.php?rest_route=%2Fwp%2Fv2%2Fcategories&post=63936"},{"taxonomy":"post_tag","embeddable":true,"href":"https:\/\/zonaroja.com.mx\/index.php?rest_route=%2Fwp%2Fv2%2Ftags&post=63936"}],"curies":[{"name":"wp","href":"https:\/\/api.w.org\/{rel}","templated":true}]}}