{"id":63945,"date":"2024-01-05T19:59:41","date_gmt":"2024-01-06T01:59:41","guid":{"rendered":"http:\/\/www.zonaroja.com.mx\/?p=63945"},"modified":"2024-01-05T19:59:44","modified_gmt":"2024-01-06T01:59:44","slug":"cierra-semana-con-multiples-bloqueos-y-protestas-en-oaxaca","status":"publish","type":"post","link":"https:\/\/zonaroja.com.mx\/?p=63945","title":{"rendered":"Cierra semana con m\u00faltiples bloqueos y protestas en Oaxaca"},"content":{"rendered":"\n<p>Ismael Garc\u00eda M.\/Zona Roja.<\/p>\n\n\n\n<p>Oaxaca de Ju\u00e1rez, Oax., a 5 de enero de 2024.- Al menos cuatro protestas, tres de ellas con bloqueos, ocurrieron este viernes en las regiones Istmo, Valles Centrales y Mixteca del estado de Oaxaca.<\/p>\n\n\n\n<p>Esta noche, contin\u00faan dos cierres de vialidades en la zona istme\u00f1a, una de ellas en la supercarretera Salina Cruz-La Ventosa, a la altura del municipio de Santa Mar\u00eda Mixtequilla.<\/p>\n\n\n\n<p>Campesinos de esta comunidad denuncian que el gobierno federal les quiere pagar \u00fanicamente 26 pesos por metro cuadrado de tierra, para instalar un polo de desarrollo del Corredor Interoce\u00e1nico del Istmo de Tehuantepec.<\/p>\n\n\n\n<p>Por lo cual cerraron la vialidad para demandar un precio m\u00e1s justo en el pago de sus tierras.&nbsp;<\/p>\n\n\n\n<p>Mientras tanto, migrantes centroamericanos, apoyados por mototaxistas, cerraron la carretera Panamericana, en el tramo Juchit\u00e1n-La Ventosa, a la altura del paraje \u201cSan Vicente\u201d.<\/p>\n\n\n\n<p>Ello para exigir que no se cierre el albergue para indocumentados, instalado en el municipio. De acuerdo con la Secretar\u00eda de Gobierno, ya no es necesario la continuaci\u00f3n de dicho espacio, pues ha disminuido la cantidad de ocupantes.<\/p>\n\n\n\n<p>EN HUAJUAPAN<\/p>\n\n\n\n<p>Mientras tanto, en Huajuapan de Le\u00f3n, un grupo de transportistas bloque\u00f3 calles del centro de la cabecera municipal, para exigir que se respete una base de sitio de taxis, en la calle Col\u00f3n.<\/p>\n\n\n\n<p>Por ello cerraron las vialidades Jos\u00e9 L\u00f3pez Alav\u00e9s, Col\u00f3n, Trajano y Ju\u00e1rez, lo cual oblig\u00f3 la intervenci\u00f3n de las autoridades, que a su vez origin\u00f3 la detenci\u00f3n de al menos dos perdonas.<\/p>\n\n\n\n<p>Mientras tanto un grupo de militantes de la Uni\u00f3n de Bienestar Social de la Regi\u00f3n Triqui (Ubisort) protest\u00f3 en el edificio de Ciudad Judicial, en el municipio de San Bartolo Coyotepec, con la finalidad de exigir recursos al Gobierno del Estado.<\/p>\n","protected":false},"excerpt":{"rendered":"<p>Ismael Garc\u00eda M.\/Zona Roja. Oaxaca de Ju\u00e1rez, Oax., a 5 de enero de 2024.- Al&hellip;<\/p>\n","protected":false},"author":2,"featured_media":63946,"comment_status":"closed","ping_status":"open","sticky":false,"template":"","format":"standard","meta":{"_lmt_disableupdate":"","_lmt_disable":"","_jetpack_memberships_contains_paid_content":false,"footnotes":""},"categories":[109,47],"tags":[2264],"class_list":["post-63945","post","type-post","status-publish","format-standard","has-post-thumbnail","hentry","category-minuto-a-minuto","category-zona-gris","tag-bloqueos-y-protestas-oaxaca"],"jetpack_featured_media_url":"https:\/\/zonaroja.com.mx\/wp-content\/uploads\/2024\/01\/Bloqueo-migrantes-Istmo.jpg","jetpack_sharing_enabled":true,"_links":{"self":[{"href":"https:\/\/zonaroja.com.mx\/index.php?rest_route=\/wp\/v2\/posts\/63945","targetHints":{"allow":["GET"]}}],"collection":[{"href":"https:\/\/zonaroja.com.mx\/index.php?rest_route=\/wp\/v2\/posts"}],"about":[{"href":"https:\/\/zonaroja.com.mx\/index.php?rest_route=\/wp\/v2\/types\/post"}],"author":[{"embeddable":true,"href":"https:\/\/zonaroja.com.mx\/index.php?rest_route=\/wp\/v2\/users\/2"}],"replies":[{"embeddable":true,"href":"https:\/\/zonaroja.com.mx\/index.php?rest_route=%2Fwp%2Fv2%2Fcomments&post=63945"}],"version-history":[{"count":1,"href":"https:\/\/zonaroja.com.mx\/index.php?rest_route=\/wp\/v2\/posts\/63945\/revisions"}],"predecessor-version":[{"id":63947,"href":"https:\/\/zonaroja.com.mx\/index.php?rest_route=\/wp\/v2\/posts\/63945\/revisions\/63947"}],"wp:featuredmedia":[{"embeddable":true,"href":"https:\/\/zonaroja.com.mx\/index.php?rest_route=\/wp\/v2\/media\/63946"}],"wp:attachment":[{"href":"https:\/\/zonaroja.com.mx\/index.php?rest_route=%2Fwp%2Fv2%2Fmedia&parent=63945"}],"wp:term":[{"taxonomy":"category","embeddable":true,"href":"https:\/\/zonaroja.com.mx\/index.php?rest_route=%2Fwp%2Fv2%2Fcategories&post=63945"},{"taxonomy":"post_tag","embeddable":true,"href":"https:\/\/zonaroja.com.mx\/index.php?rest_route=%2Fwp%2Fv2%2Ftags&post=63945"}],"curies":[{"name":"wp","href":"https:\/\/api.w.org\/{rel}","templated":true}]}}