{"id":63948,"date":"2024-01-06T07:30:00","date_gmt":"2024-01-06T13:30:00","guid":{"rendered":"http:\/\/www.zonaroja.com.mx\/?p=63948"},"modified":"2024-01-06T06:57:24","modified_gmt":"2024-01-06T12:57:24","slug":"indolencia-municipal-en-huajuapan-ejecutan-a-otro-individuo","status":"publish","type":"post","link":"https:\/\/zonaroja.com.mx\/?p=63948","title":{"rendered":"Indolencia municipal en Huajuapan: ejecutan a otro individuo"},"content":{"rendered":"\n<p>Raymundo Morales\/Zona Roja.<\/p>\n\n\n\n<p>Oaxaca de Ju\u00e1rez, Oax., a 6 de enero de 2024.- La violencia criminal no cesa en Huajuapan de Le\u00f3n, frente a la indolencia del gobierno municipal panista, y ayer por la tarde fue ejecutado a balazos un individuo.<\/p>\n\n\n\n<p>Alrededor de las 16:30 horas, un sujeto a bordo de una motocicleta acribill\u00f3 a una persona del sexo masculino, en la calle Fray Bartolom\u00e9 de las Casas, de la colonia La Merced; la v\u00edctima fue identificada posteriormente como Julio C\u00e9sar H. E., de 34 a\u00f1os de edad.<\/p>\n\n\n\n<p>El presunto delincuente logr\u00f3 huir de la zona, a falta de presencia policiaca por parte de los uniformados de Huajuapan de Le\u00f3n. Param\u00e9dicos de la Cruz Roja Mexicana arribaron para brindar los primeros auxilios, pero corroboraron que no contaba con signos vitales.<\/p>\n\n\n\n<p>Personal de la Vicefiscal\u00eda Regional de la Mixteca inici\u00f3 las indagatorias correspondientes y una de las l\u00edneas de investigaci\u00f3n es el delito del narcomenudeo.<\/p>\n\n\n\n<p>TAXI VANDALIZADO<\/p>\n\n\n\n<p>Por otra parte, este viernes en la colonia San Vicente Gola del municipio de Juchit\u00e1n de Zaragoza, fue localizad un taxi abandonado y vandalizado, en tanto que se desconoce el paradero del conductor.<\/p>\n\n\n\n<p>Se trata de la unidad de motor con n\u00famero econ\u00f3mico 16-005 MT-JUCH-180, afiliado al sindicato 11 de Enero, y al que le robaron su equipo de sonido y la bater\u00eda.<\/p>\n\n\n\n<p>Hasta el momento se desconocen las causas por las cuales fue vandalizado y abandonado el taxi.<\/p>\n","protected":false},"excerpt":{"rendered":"<p>Raymundo Morales\/Zona Roja. Oaxaca de Ju\u00e1rez, Oax., a 6 de enero de 2024.- La violencia&hellip;<\/p>\n","protected":false},"author":2,"featured_media":63949,"comment_status":"closed","ping_status":"open","sticky":false,"template":"","format":"standard","meta":{"_lmt_disableupdate":"","_lmt_disable":"","_jetpack_memberships_contains_paid_content":false,"footnotes":""},"categories":[109,51],"tags":[594],"class_list":["post-63948","post","type-post","status-publish","format-standard","has-post-thumbnail","hentry","category-minuto-a-minuto","category-zona-roja","tag-huajuapan-de-leon"],"jetpack_featured_media_url":"https:\/\/zonaroja.com.mx\/wp-content\/uploads\/2024\/01\/Asesinado-Huajuapan-de-Leon.jpg","jetpack_sharing_enabled":true,"_links":{"self":[{"href":"https:\/\/zonaroja.com.mx\/index.php?rest_route=\/wp\/v2\/posts\/63948","targetHints":{"allow":["GET"]}}],"collection":[{"href":"https:\/\/zonaroja.com.mx\/index.php?rest_route=\/wp\/v2\/posts"}],"about":[{"href":"https:\/\/zonaroja.com.mx\/index.php?rest_route=\/wp\/v2\/types\/post"}],"author":[{"embeddable":true,"href":"https:\/\/zonaroja.com.mx\/index.php?rest_route=\/wp\/v2\/users\/2"}],"replies":[{"embeddable":true,"href":"https:\/\/zonaroja.com.mx\/index.php?rest_route=%2Fwp%2Fv2%2Fcomments&post=63948"}],"version-history":[{"count":1,"href":"https:\/\/zonaroja.com.mx\/index.php?rest_route=\/wp\/v2\/posts\/63948\/revisions"}],"predecessor-version":[{"id":63950,"href":"https:\/\/zonaroja.com.mx\/index.php?rest_route=\/wp\/v2\/posts\/63948\/revisions\/63950"}],"wp:featuredmedia":[{"embeddable":true,"href":"https:\/\/zonaroja.com.mx\/index.php?rest_route=\/wp\/v2\/media\/63949"}],"wp:attachment":[{"href":"https:\/\/zonaroja.com.mx\/index.php?rest_route=%2Fwp%2Fv2%2Fmedia&parent=63948"}],"wp:term":[{"taxonomy":"category","embeddable":true,"href":"https:\/\/zonaroja.com.mx\/index.php?rest_route=%2Fwp%2Fv2%2Fcategories&post=63948"},{"taxonomy":"post_tag","embeddable":true,"href":"https:\/\/zonaroja.com.mx\/index.php?rest_route=%2Fwp%2Fv2%2Ftags&post=63948"}],"curies":[{"name":"wp","href":"https:\/\/api.w.org\/{rel}","templated":true}]}}