{"id":63951,"date":"2024-01-06T09:00:00","date_gmt":"2024-01-06T15:00:00","guid":{"rendered":"http:\/\/www.zonaroja.com.mx\/?p=63951"},"modified":"2024-01-06T08:00:13","modified_gmt":"2024-01-06T14:00:13","slug":"recrudece-violencia-politica-en-mexico-matan-en-dos-dias-a-tres-precandidatos","status":"publish","type":"post","link":"https:\/\/zonaroja.com.mx\/?p=63951","title":{"rendered":"Recrudece violencia pol\u00edtica en M\u00e9xico: matan en dos d\u00edas a tres precandidatos\u00a0"},"content":{"rendered":"\n<p>Redacci\u00f3n\/Zona Roja Cdmx. Imagen: \u00abReforma\u00bb<\/p>\n\n\n\n<p>Ciudad de M\u00e9xico, a 6 de enero de 2024.- En 48 horas, tres precandidatos a cargos de elecci\u00f3n popular han sido asesinados en M\u00e9xico.<\/p>\n\n\n\n<p>Este viernes se dio a conocer el homicidio de Sergio Hueso en el estado de Colima, quien aspiraba a la presidencia municipal de Armer\u00eda; su cuerpo presentaba al menos dos impactos de arma de fuego y fue localizado en la colonia Pelillos.<\/p>\n\n\n\n<p>Mientras que tambi\u00e9n ayer pero en el estado de Chiapas, fue ultimado a balazos David Rey Gonz\u00e1lez, quien buscaba la alcald\u00eda del municipio de Suchiate.<\/p>\n\n\n\n<p>Buscaba la postulaci\u00f3n por la coalici\u00f3n \u201cFuerza y coraz\u00f3n por M\u00e9xico\u201d, que conforman los partidos PAN, PRD y PRI.<\/p>\n\n\n\n<p>El individuo fue ejecutado cuando se trasladaba a bordo de su motocicleta rumbo al ejido La Pita y hasta el momento se desconoce qui\u00e9n o qui\u00e9nes lo acribillaron.<\/p>\n\n\n\n<p>Mientras que el pasado jueves, en el interior de un gimnasio de la ciudad de Cuautla, estado de Morelos, fue ultimado a balazos Alfredo Giovanni Lezama, quien se desempe\u00f1aba como regidor de Asuntos de la Juventud.<\/p>\n\n\n\n<p>Era militante del Partido Acci\u00f3n Nacional y buscaba asimismo ser candidato a diputado local por la coalici\u00f3n \u201cFuerza y coraz\u00f3n por M\u00e9xico\u201d.<\/p>\n\n\n\n<p>En los tres casos hasta el momento no hay personas detenidas.<\/p>\n\n\n\n<p>(Con informaci\u00f3n de agencias y de \u201cReforma\u201d)<\/p>\n","protected":false},"excerpt":{"rendered":"<p>Redacci\u00f3n\/Zona Roja Cdmx. Imagen: \u00abReforma\u00bb Ciudad de M\u00e9xico, a 6 de enero de 2024.- En&hellip;<\/p>\n","protected":false},"author":2,"featured_media":63952,"comment_status":"closed","ping_status":"open","sticky":false,"template":"","format":"standard","meta":{"_lmt_disableupdate":"","_lmt_disable":"","_jetpack_memberships_contains_paid_content":false,"footnotes":""},"categories":[109,47],"tags":[1746],"class_list":["post-63951","post","type-post","status-publish","format-standard","has-post-thumbnail","hentry","category-minuto-a-minuto","category-zona-gris","tag-violencia-en-mexico"],"jetpack_featured_media_url":"https:\/\/zonaroja.com.mx\/wp-content\/uploads\/2024\/01\/Asesinatos-politicos-en-Mexico.jpeg","jetpack_sharing_enabled":true,"_links":{"self":[{"href":"https:\/\/zonaroja.com.mx\/index.php?rest_route=\/wp\/v2\/posts\/63951","targetHints":{"allow":["GET"]}}],"collection":[{"href":"https:\/\/zonaroja.com.mx\/index.php?rest_route=\/wp\/v2\/posts"}],"about":[{"href":"https:\/\/zonaroja.com.mx\/index.php?rest_route=\/wp\/v2\/types\/post"}],"author":[{"embeddable":true,"href":"https:\/\/zonaroja.com.mx\/index.php?rest_route=\/wp\/v2\/users\/2"}],"replies":[{"embeddable":true,"href":"https:\/\/zonaroja.com.mx\/index.php?rest_route=%2Fwp%2Fv2%2Fcomments&post=63951"}],"version-history":[{"count":2,"href":"https:\/\/zonaroja.com.mx\/index.php?rest_route=\/wp\/v2\/posts\/63951\/revisions"}],"predecessor-version":[{"id":63963,"href":"https:\/\/zonaroja.com.mx\/index.php?rest_route=\/wp\/v2\/posts\/63951\/revisions\/63963"}],"wp:featuredmedia":[{"embeddable":true,"href":"https:\/\/zonaroja.com.mx\/index.php?rest_route=\/wp\/v2\/media\/63952"}],"wp:attachment":[{"href":"https:\/\/zonaroja.com.mx\/index.php?rest_route=%2Fwp%2Fv2%2Fmedia&parent=63951"}],"wp:term":[{"taxonomy":"category","embeddable":true,"href":"https:\/\/zonaroja.com.mx\/index.php?rest_route=%2Fwp%2Fv2%2Fcategories&post=63951"},{"taxonomy":"post_tag","embeddable":true,"href":"https:\/\/zonaroja.com.mx\/index.php?rest_route=%2Fwp%2Fv2%2Ftags&post=63951"}],"curies":[{"name":"wp","href":"https:\/\/api.w.org\/{rel}","templated":true}]}}